{"id":57613,"date":"2022-06-06T11:11:22","date_gmt":"2022-06-06T14:11:22","guid":{"rendered":"https:\/\/portalmovil.com.ar\/?p=57613"},"modified":"2022-06-06T11:11:24","modified_gmt":"2022-06-06T14:11:24","slug":"sera-obligatoria-la-imagen-de-las-malvinas-en-los-uniformes-escolares","status":"publish","type":"post","link":"https:\/\/portalmovil.com.ar\/index.php\/2022\/06\/06\/sera-obligatoria-la-imagen-de-las-malvinas-en-los-uniformes-escolares\/","title":{"rendered":"Ser\u00e1 obligatoria la imagen de las Malvinas en los uniformes escolares"},"content":{"rendered":"\n<p>Los alumnos de cuarto grado de la escuela p\u00fablicas chaque\u00f1a llevar\u00e1n a partir de ahora en sus guardapolvos una insignia, un bordado o un pin con la imagen ic\u00f3nica de nuestras Islas Malvinas.<\/p>\n\n\n\n<p>As\u00ed lo establece la ley que aprobaron los diputados del Chaco. Con el antecedente \u2013que sirvi\u00f3 tambi\u00e9n como inspiraci\u00f3n&#8211; de la llamada \u201cLey Thiago\u201d, sancionada el a\u00f1o pasado en Tierra del Fuego. <\/p>\n\n\n\n<p>La ley tiene por objetivo renovar y mantener la conciencia y la educaci\u00f3n malvinizadora.<\/p>\n","protected":false},"excerpt":{"rendered":"<p>Los alumnos de cuarto grado de la escuela p\u00fablicas chaque\u00f1a llevar\u00e1n a partir de ahora en sus guardapolvos una insignia, un bordado o un pin con la imagen ic\u00f3nica de nuestras Islas Malvinas. As\u00ed lo establece la ley que aprobaron los diputados del Chaco. Con el antecedente \u2013que sirvi\u00f3 tambi\u00e9n como inspiraci\u00f3n&#8211; de la llamada &hellip;<\/p>\n","protected":false},"author":2,"featured_media":57614,"comment_status":"open","ping_status":"open","sticky":false,"template":"","format":"standard","meta":{"_jetpack_memberships_contains_paid_content":false,"footnotes":"","jetpack_publicize_message":"","jetpack_publicize_feature_enabled":true,"jetpack_social_post_already_shared":true,"jetpack_social_options":{"image_generator_settings":{"template":"highway","default_image_id":0,"font":"","enabled":false},"version":2}},"categories":[28,5],"tags":[],"class_list":["post-57613","post","type-post","status-publish","format-standard","has-post-thumbnail","hentry","category-actualidad","category-chaco"],"jetpack_publicize_connections":[],"jetpack_featured_media_url":"https:\/\/portalmovil.com.ar\/wp-content\/uploads\/2022\/06\/c07171b4-8d81-4282-9474-90ee77139c88.jpg","jetpack_sharing_enabled":true,"amp_enabled":true,"_links":{"self":[{"href":"https:\/\/portalmovil.com.ar\/index.php\/wp-json\/wp\/v2\/posts\/57613","targetHints":{"allow":["GET"]}}],"collection":[{"href":"https:\/\/portalmovil.com.ar\/index.php\/wp-json\/wp\/v2\/posts"}],"about":[{"href":"https:\/\/portalmovil.com.ar\/index.php\/wp-json\/wp\/v2\/types\/post"}],"author":[{"embeddable":true,"href":"https:\/\/portalmovil.com.ar\/index.php\/wp-json\/wp\/v2\/users\/2"}],"replies":[{"embeddable":true,"href":"https:\/\/portalmovil.com.ar\/index.php\/wp-json\/wp\/v2\/comments?post=57613"}],"version-history":[{"count":1,"href":"https:\/\/portalmovil.com.ar\/index.php\/wp-json\/wp\/v2\/posts\/57613\/revisions"}],"predecessor-version":[{"id":57615,"href":"https:\/\/portalmovil.com.ar\/index.php\/wp-json\/wp\/v2\/posts\/57613\/revisions\/57615"}],"wp:featuredmedia":[{"embeddable":true,"href":"https:\/\/portalmovil.com.ar\/index.php\/wp-json\/wp\/v2\/media\/57614"}],"wp:attachment":[{"href":"https:\/\/portalmovil.com.ar\/index.php\/wp-json\/wp\/v2\/media?parent=57613"}],"wp:term":[{"taxonomy":"category","embeddable":true,"href":"https:\/\/portalmovil.com.ar\/index.php\/wp-json\/wp\/v2\/categories?post=57613"},{"taxonomy":"post_tag","embeddable":true,"href":"https:\/\/portalmovil.com.ar\/index.php\/wp-json\/wp\/v2\/tags?post=57613"}],"curies":[{"name":"wp","href":"https:\/\/api.w.org\/{rel}","templated":true}]}}