{"id":57486,"date":"2022-06-03T14:53:35","date_gmt":"2022-06-03T17:53:35","guid":{"rendered":"https:\/\/portalmovil.com.ar\/?p=57486"},"modified":"2022-06-03T14:53:38","modified_gmt":"2022-06-03T17:53:38","slug":"murio-el-noba-a-los-25-anos-el-comunicado-oficial","status":"publish","type":"post","link":"https:\/\/portalmovil.com.ar\/index.php\/2022\/06\/03\/murio-el-noba-a-los-25-anos-el-comunicado-oficial\/","title":{"rendered":"Muri\u00f3 \u00abEl Noba\u00bb a los 25 a\u00f1os: el comunicado oficial"},"content":{"rendered":"\n<p>El cantante Lautaro Coronel, conocido como\u00a0El Noba,\u00a0muri\u00f3 este viernes tras el terrible accidente que sufri\u00f3 a bordo de su motocicleta en Florencio Varela.<\/p>\n\n\n\n<p>El joven se encontraba internado en el hospital de alta complejidad El Cruce &#8211; N\u00e9stor Kirchner. La noticia fue dada a conocer a trav\u00e9s de un comunicado de la instituci\u00f3n m\u00e9dica en la que se encontraba internado.<\/p>\n\n\n\n<h2 class=\"wp-block-heading\">El comunicado oficial de su muerte<\/h2>\n\n\n\n<p><em>Desde la direcci\u00f3n del Hospital de Alta Complejidad en Red El Cruce Dr. Nestor Carlos Kirchner se informa:<\/em><\/p>\n\n\n\n<p><em>Luego de realizar las evaluaciones requeridas para su certificaci\u00f3n, lamentamos comunicar el fallecimiento de Lautaro Coronel, qui\u00e9n permaneci\u00f3 internado en la Unidad de Terapia Intensiva de Adultos de nuestra Instituci\u00f3n, desde el 24 de mayo de 2022.<\/em><\/p>\n\n\n\n<p><em>Acompa\u00f1amos a la familia en estos momentos y en su dolor.<\/em><\/p>\n\n\n\n<figure class=\"wp-block-image\"><img decoding=\"async\" src=\"https:\/\/media.minutouno.com\/p\/df50aadb8d9f26f3b6a1fb49205cc2ca\/adjuntos\/150\/imagenes\/039\/903\/0039903357\/610x0\/smart\/screen-shot-2022-06-03-at-11030-pmpng.png\" alt=\"\"\/><\/figure>\n\n\n\n<h2 class=\"wp-block-heading\">As\u00ed fue el accidente<\/h2>\n\n\n\n<p><strong>El accidente ocurri\u00f3 el martes 24 de mayo en Florencio Varela<\/strong>. Seg\u00fan relataron desde su entorno, Coronel circulaba en su moto y choc\u00f3 contra un Peugeot 208 en la intersecci\u00f3n de las calles Luis Braille y Sol\u00eds.<\/p>\n\n\n\n<p><strong>La moto ven\u00eda a gran velocidad cuando impact\u00f3 en el lateral izquierdo del veh\u00edculo y cay\u00f3 al pavimento.<\/strong>&nbsp;Se trata de una moto de carrera, no autorizada para circular en zonas urbanas.<\/p>\n","protected":false},"excerpt":{"rendered":"<p>El cantante Lautaro Coronel, conocido como\u00a0El Noba,\u00a0muri\u00f3 este viernes tras el terrible accidente que sufri\u00f3 a bordo de su motocicleta en Florencio Varela. El joven se encontraba internado en el hospital de alta complejidad El Cruce &#8211; N\u00e9stor Kirchner. La noticia fue dada a conocer a trav\u00e9s de un comunicado de la instituci\u00f3n m\u00e9dica en &hellip;<\/p>\n","protected":false},"author":2,"featured_media":57487,"comment_status":"open","ping_status":"open","sticky":false,"template":"","format":"standard","meta":{"_jetpack_memberships_contains_paid_content":false,"footnotes":"","jetpack_publicize_message":"","jetpack_publicize_feature_enabled":true,"jetpack_social_post_already_shared":true,"jetpack_social_options":{"image_generator_settings":{"template":"highway","default_image_id":0,"font":"","enabled":false},"version":2}},"categories":[158],"tags":[],"class_list":["post-57486","post","type-post","status-publish","format-standard","has-post-thumbnail","hentry","category-espectaculos"],"jetpack_publicize_connections":[],"jetpack_featured_media_url":"https:\/\/portalmovil.com.ar\/wp-content\/uploads\/2022\/06\/3edb7296-86b8-4c5a-b69d-d795fc22df00.jpg","jetpack_sharing_enabled":true,"amp_enabled":true,"_links":{"self":[{"href":"https:\/\/portalmovil.com.ar\/index.php\/wp-json\/wp\/v2\/posts\/57486","targetHints":{"allow":["GET"]}}],"collection":[{"href":"https:\/\/portalmovil.com.ar\/index.php\/wp-json\/wp\/v2\/posts"}],"about":[{"href":"https:\/\/portalmovil.com.ar\/index.php\/wp-json\/wp\/v2\/types\/post"}],"author":[{"embeddable":true,"href":"https:\/\/portalmovil.com.ar\/index.php\/wp-json\/wp\/v2\/users\/2"}],"replies":[{"embeddable":true,"href":"https:\/\/portalmovil.com.ar\/index.php\/wp-json\/wp\/v2\/comments?post=57486"}],"version-history":[{"count":1,"href":"https:\/\/portalmovil.com.ar\/index.php\/wp-json\/wp\/v2\/posts\/57486\/revisions"}],"predecessor-version":[{"id":57488,"href":"https:\/\/portalmovil.com.ar\/index.php\/wp-json\/wp\/v2\/posts\/57486\/revisions\/57488"}],"wp:featuredmedia":[{"embeddable":true,"href":"https:\/\/portalmovil.com.ar\/index.php\/wp-json\/wp\/v2\/media\/57487"}],"wp:attachment":[{"href":"https:\/\/portalmovil.com.ar\/index.php\/wp-json\/wp\/v2\/media?parent=57486"}],"wp:term":[{"taxonomy":"category","embeddable":true,"href":"https:\/\/portalmovil.com.ar\/index.php\/wp-json\/wp\/v2\/categories?post=57486"},{"taxonomy":"post_tag","embeddable":true,"href":"https:\/\/portalmovil.com.ar\/index.php\/wp-json\/wp\/v2\/tags?post=57486"}],"curies":[{"name":"wp","href":"https:\/\/api.w.org\/{rel}","templated":true}]}}