{"id":57460,"date":"2022-06-02T22:56:47","date_gmt":"2022-06-03T01:56:47","guid":{"rendered":"https:\/\/portalmovil.com.ar\/?p=57460"},"modified":"2022-06-02T23:55:38","modified_gmt":"2022-06-03T02:55:38","slug":"nos-mata-el-machismo-nos-golpea-la-pobreza","status":"publish","type":"post","link":"https:\/\/portalmovil.com.ar\/index.php\/2022\/06\/02\/nos-mata-el-machismo-nos-golpea-la-pobreza\/","title":{"rendered":"\u00abNos mata el machismo, nos golpea la pobreza\u00bb"},"content":{"rendered":"\n<p>\u25aa\ufe0f7 a\u00f1os del primer grito por #NiUnaMenos donde la sociedad argentina se expres\u00f3 en masivas movilizaciones contra la violencia femicida, acompa\u00f1ando las exigencias al Estado que llevamos adelante, hist\u00f3ricamente, organizaciones de mujeres y disidencias por pol\u00edticas p\u00fablicas integrales para vivir libres y sin miedo.<\/p>\n\n\n\n<p>\u25aa\ufe0f7 a\u00f1os en datos de Femicidios, Femicidios Vinculados y Trans\/Travesticidios es el informe que presentamos hoy poniendo en evidencia las falencias del Estado y la urgente necesidad de la declaraci\u00f3n de la Emergencia Nacional en Violencia de G\u00e9nero #EmergenciaNiUnaMenos, para erradicar, prevenir y asistir la Violencia de G\u00e9nero con inversi\u00f3n acorde a la complejidad de la problem\u00e1tica.<\/p>\n\n\n\n<p>\u25aa\ufe0f7 a\u00f1os han pasado y transitamos un pa\u00eds donde crecen la desocupaci\u00f3n, la pobreza, la indigencia, con una inflaci\u00f3n descomunal que implica una p\u00e9rdida en los ingresos y el incremento de la precarizaci\u00f3n en nuestras vidas obstaculizando el desarrollo de alternativas hacia nuestra autonom\u00eda econ\u00f3mica, fundamental en muchas ocasiones para terminar con la dependencia con nuestros agresores.<\/p>\n\n\n\n<p>Este 3 de junio exigimos:<\/p>\n\n\n\n<p>\ud83d\udd34 Declaraci\u00f3n de la Emergencia Ni Una Menos por la inversi\u00f3n en pol\u00edticas p\u00fablicas eficientes, integrales, coordinadas, sistem\u00e1ticas, federales, aplicadas sin burocracia y sin clientelismo.<\/p>\n\n\n\n<p>\ud83d\udd34 Urgentes medidas contra la feminizaci\u00f3n de la pobreza que profundiza las desigualdades y violencias que nos atraviesan como mujeres, lesbianas, travestis, trans, no binaries, intersex y +<\/p>\n\n\n\n<p>MA\u00d1ANA DESDE LA MESA MULTISECTORIAL FEMINISTA SALDR\u00c1N A LAS CALLES!<\/p>\n\n\n\n<p>Viernes 3 de junio. CONCENTRACI\u00d3N EN AV.9 DE JULIO Y VELEZ SARSFIELD DESDE AH\u00cd MARCHAR\u00c1N HASTA LA MUNICIPALIDAD, LUEGO AL TRIBUNAL DE JUTICIA HASTA CASA DE GOBIERNO DONDE SE DARA A LEER LA CARTA DE DOCUMENTO.<\/p>\n","protected":false},"excerpt":{"rendered":"<p>\u25aa\ufe0f7 a\u00f1os del primer grito por #NiUnaMenos donde la sociedad argentina se expres\u00f3 en masivas movilizaciones contra la violencia femicida, acompa\u00f1ando las exigencias al Estado que llevamos adelante, hist\u00f3ricamente, organizaciones de mujeres y disidencias por pol\u00edticas p\u00fablicas integrales para vivir libres y sin miedo. \u25aa\ufe0f7 a\u00f1os en datos de Femicidios, Femicidios Vinculados y Trans\/Travesticidios es &hellip;<\/p>\n","protected":false},"author":2,"featured_media":57461,"comment_status":"open","ping_status":"open","sticky":false,"template":"","format":"standard","meta":{"_jetpack_memberships_contains_paid_content":false,"footnotes":"","jetpack_publicize_message":"","jetpack_publicize_feature_enabled":true,"jetpack_social_post_already_shared":true,"jetpack_social_options":{"image_generator_settings":{"template":"highway","default_image_id":0,"font":"","enabled":false},"version":2}},"categories":[5,37],"tags":[],"class_list":["post-57460","post","type-post","status-publish","format-standard","has-post-thumbnail","hentry","category-chaco","category-resistencia"],"jetpack_publicize_connections":[],"jetpack_featured_media_url":"https:\/\/portalmovil.com.ar\/wp-content\/uploads\/2022\/06\/IMG-20220602-WA0174.jpg","jetpack_sharing_enabled":true,"amp_enabled":true,"_links":{"self":[{"href":"https:\/\/portalmovil.com.ar\/index.php\/wp-json\/wp\/v2\/posts\/57460","targetHints":{"allow":["GET"]}}],"collection":[{"href":"https:\/\/portalmovil.com.ar\/index.php\/wp-json\/wp\/v2\/posts"}],"about":[{"href":"https:\/\/portalmovil.com.ar\/index.php\/wp-json\/wp\/v2\/types\/post"}],"author":[{"embeddable":true,"href":"https:\/\/portalmovil.com.ar\/index.php\/wp-json\/wp\/v2\/users\/2"}],"replies":[{"embeddable":true,"href":"https:\/\/portalmovil.com.ar\/index.php\/wp-json\/wp\/v2\/comments?post=57460"}],"version-history":[{"count":3,"href":"https:\/\/portalmovil.com.ar\/index.php\/wp-json\/wp\/v2\/posts\/57460\/revisions"}],"predecessor-version":[{"id":57465,"href":"https:\/\/portalmovil.com.ar\/index.php\/wp-json\/wp\/v2\/posts\/57460\/revisions\/57465"}],"wp:featuredmedia":[{"embeddable":true,"href":"https:\/\/portalmovil.com.ar\/index.php\/wp-json\/wp\/v2\/media\/57461"}],"wp:attachment":[{"href":"https:\/\/portalmovil.com.ar\/index.php\/wp-json\/wp\/v2\/media?parent=57460"}],"wp:term":[{"taxonomy":"category","embeddable":true,"href":"https:\/\/portalmovil.com.ar\/index.php\/wp-json\/wp\/v2\/categories?post=57460"},{"taxonomy":"post_tag","embeddable":true,"href":"https:\/\/portalmovil.com.ar\/index.php\/wp-json\/wp\/v2\/tags?post=57460"}],"curies":[{"name":"wp","href":"https:\/\/api.w.org\/{rel}","templated":true}]}}