{"id":5735,"date":"2020-04-28T15:47:54","date_gmt":"2020-04-28T18:47:54","guid":{"rendered":"http:\/\/portalmovil.com.ar\/?p=5735"},"modified":"2020-04-28T15:47:59","modified_gmt":"2020-04-28T18:47:59","slug":"el-presidente-avalo-las-excarcelaciones-por-covid-19-y-ya-son-mas-de-mil-los-liberados","status":"publish","type":"post","link":"https:\/\/portalmovil.com.ar\/index.php\/2020\/04\/28\/el-presidente-avalo-las-excarcelaciones-por-covid-19-y-ya-son-mas-de-mil-los-liberados\/","title":{"rendered":"El Presidente aval\u00f3 las excarcelaciones por Covid-19 y ya son m\u00e1s de mil los liberados"},"content":{"rendered":"\n<p>Tras el contagio de dos presos de Villa Devoto con&nbsp;coronavirus&nbsp;y un mot\u00edn carcelario que continu\u00f3 con huelga de hambre, el presidente&nbsp;Alberto Fern\u00e1ndez&nbsp;se mostr\u00f3 comprensivo del reclamo de los reclusos para obtener&nbsp;excarcelaciones o arrestos domiciliarios&nbsp;en medio de la epidemia.<\/p>\n\n\n\n<p>Sin embargo, el presidente de la C\u00e1mara de Diputados,&nbsp;Sergio Massa,&nbsp;reaccion\u00f3 en forma diferente y dijo que hay magistrados que otorgan esos beneficios de manera irresponsable y que por ello les cabe el juicio pol\u00edtico.<\/p>\n\n\n\n<p>Las dos posturas se conocieron ayer, cuando ya suman mas de 750 los presos que recuperaron la libertad en la provincia de Buenos Aires y son m\u00e1s de 250 los liberados en las c\u00e1rceles federales, seg\u00fan lo que estiman las autoridades. Pero los detenidos est\u00e1n negociando para lograr mas libertades.<\/p>\n\n\n\n<p>\u201cLa c\u00e1rcel es un lugar de concentraci\u00f3n humana muy riesgosa, donde el contagio y la contaminaci\u00f3n pueden darse con mucha facilidad, hay tambi\u00e9n gente que tiene factores de riesgo\u201d, explic\u00f3 Fern\u00e1ndez, y record\u00f3 que la Comisi\u00f3n Interamericana de Derechos Humanos (CIDH) recomend\u00f3 a los pa\u00edses que integran el Pacto de San Jos\u00e9 de Costa Rica atender la&nbsp;situaci\u00f3n sanitaria en las c\u00e1rceles frente al avance de la pandemia.&nbsp;\u201cRecomienda desde detenci\u00f3n domiciliaria hasta libertades restringidas, como pueden ser las pulseras para tener un control\u201d, dijo Fern\u00e1ndez en declaraciones a Radio Con Vos.<\/p>\n\n\n\n<p>Fern\u00e1ndez pidi\u00f3 a la oposici\u00f3n discutir del tema con \u201cseriedad\u201d. \u201cCada dos por tres leo un tuit de&nbsp;Patricia Bullrich&nbsp;que dice que queremos indultar\u201d, apunt\u00f3 el mandatario. \u201cAc\u00e1 en la Argentina algunos no hacen un an\u00e1lisis y dicen \u2018quieren liberar para buscar la impunidad\u2019. No es eso\u201d, dijo.<\/p>\n\n\n\n<p>\u201cHace diez d\u00edas, Pi\u00f1era [Sebasti\u00e1n, presidente de Chile] indult\u00f3 y liber\u00f3 a 1300 presos. \u00bfQu\u00e9 quiero decir con esto? Ah\u00ed hay un problema\u201d, afirm\u00f3.<\/p>\n\n\n\n<p>Massa, menos contemplativo, dijo que instruy\u00f3 a la Oficina de la V\u00edctima que depende del Congreso a que inicie juicios pol\u00edticos a los jueces que otorguen esos beneficios sin consultar con las v\u00edctimas.<\/p>\n\n\n\n<p>\u201cAlgunos jueces est\u00e1n actuando de una manera absolutamente irresponsable\u201d al liberar presos y que podr\u00edan ser sometidos a juicio pol\u00edtico si no cumplieron con la obligaci\u00f3n de informar previamente a la v\u00edctima. \u201cLas penas son para ser cumplidas\u201d, afirm\u00f3.<\/p>\n\n\n\n<p>Con respecto al&nbsp;pedido de excarcelaci\u00f3n de Ricardo Jaime&nbsp;que hizo la Secretar\u00eda de Derechos Humanos, a cargo de&nbsp;Horacio Pietragalla,&nbsp;Alberto Fern\u00e1ndez sostuvo que no le llam\u00f3 la atenci\u00f3n a su funcionario y dijo que la libertad no es un pedido del Gobierno, sino que \u201chay una posibilidad procesal\u201d. E indic\u00f3 que fue la defensa de Jaime la que pidi\u00f3 la intervenci\u00f3n de la Secretar\u00eda de Derechos Humanos.<\/p>\n\n\n\n<p>Massa se diferenci\u00f3 con una posici\u00f3n m\u00e1s dura que Fern\u00e1ndez; \u201cMe parece que las penas son para ser cumplidas porque es el acto de reparaci\u00f3n que el delincuente debe cumplir para subsanar el error\u201d, dijo.<\/p>\n\n\n\n<p>El presidente de la C\u00e1mara baja agreg\u00f3 que de lo contrario \u201cse rompe el principio de acuerdo de convivencia social del acuerdo\u201d.<\/p>\n\n\n\n<p>Massa detall\u00f3 que instruy\u00f3 a la Oficina de la V\u00edctima, que depende del Congreso, para iniciarles juicio pol\u00edtico a los jueces que no den vista a la parte v\u00edctima del delitos y procedan a la liberaci\u00f3n de los detenidos.<\/p>\n\n\n\n<p>El presidente de la C\u00e1mara explic\u00f3 que la obligaci\u00f3n de notificar a la v\u00edctima est\u00e1 prevista en la ley. Dijo que hab\u00eda jueces que lo estaban haciendo, pero que otros, de manera \u201cabsolutamente irresponsable\u201d, incumplen esta obligaci\u00f3n.<\/p>\n\n\n\n<p>La pol\u00e9mica se acrecent\u00f3 en las \u00faltimos d\u00edas porque trascendi\u00f3 un audio de Roberto Cipriano Garc\u00eda, secretario de la Comisi\u00f3n Provincial de la Memoria, en el que ratifica la intenci\u00f3n de lograr la mayor cantidad de liberaciones posibles y explic\u00f3 que todos los d\u00edas se presentaban entre 100 y 150 pedidos en favor de detenidos.<\/p>\n\n\n\n<p>FUENTE INFORMATIVA: LA NACI\u00d3N <\/p>\n","protected":false},"excerpt":{"rendered":"<p>Tras el contagio de dos presos de Villa Devoto con&nbsp;coronavirus&nbsp;y un mot\u00edn carcelario que continu\u00f3 con huelga de hambre, el presidente&nbsp;Alberto Fern\u00e1ndez&nbsp;se mostr\u00f3 comprensivo del reclamo de los reclusos para obtener&nbsp;excarcelaciones o arrestos domiciliarios&nbsp;en medio de la epidemia. Sin embargo, el presidente de la C\u00e1mara de Diputados,&nbsp;Sergio Massa,&nbsp;reaccion\u00f3 en forma diferente y dijo que hay &hellip;<\/p>\n","protected":false},"author":2,"featured_media":5736,"comment_status":"open","ping_status":"open","sticky":false,"template":"","format":"standard","meta":{"_jetpack_memberships_contains_paid_content":false,"footnotes":"","jetpack_publicize_message":"","jetpack_publicize_feature_enabled":true,"jetpack_social_post_already_shared":true,"jetpack_social_options":{"image_generator_settings":{"template":"highway","default_image_id":0,"font":"","enabled":false},"version":2}},"categories":[50],"tags":[],"class_list":["post-5735","post","type-post","status-publish","format-standard","has-post-thumbnail","hentry","category-judiciales"],"jetpack_publicize_connections":[],"jetpack_featured_media_url":"https:\/\/portalmovil.com.ar\/wp-content\/uploads\/2020\/04\/presos-devoto-1072x570-1.jpg","jetpack_sharing_enabled":true,"amp_enabled":true,"_links":{"self":[{"href":"https:\/\/portalmovil.com.ar\/index.php\/wp-json\/wp\/v2\/posts\/5735","targetHints":{"allow":["GET"]}}],"collection":[{"href":"https:\/\/portalmovil.com.ar\/index.php\/wp-json\/wp\/v2\/posts"}],"about":[{"href":"https:\/\/portalmovil.com.ar\/index.php\/wp-json\/wp\/v2\/types\/post"}],"author":[{"embeddable":true,"href":"https:\/\/portalmovil.com.ar\/index.php\/wp-json\/wp\/v2\/users\/2"}],"replies":[{"embeddable":true,"href":"https:\/\/portalmovil.com.ar\/index.php\/wp-json\/wp\/v2\/comments?post=5735"}],"version-history":[{"count":1,"href":"https:\/\/portalmovil.com.ar\/index.php\/wp-json\/wp\/v2\/posts\/5735\/revisions"}],"predecessor-version":[{"id":5737,"href":"https:\/\/portalmovil.com.ar\/index.php\/wp-json\/wp\/v2\/posts\/5735\/revisions\/5737"}],"wp:featuredmedia":[{"embeddable":true,"href":"https:\/\/portalmovil.com.ar\/index.php\/wp-json\/wp\/v2\/media\/5736"}],"wp:attachment":[{"href":"https:\/\/portalmovil.com.ar\/index.php\/wp-json\/wp\/v2\/media?parent=5735"}],"wp:term":[{"taxonomy":"category","embeddable":true,"href":"https:\/\/portalmovil.com.ar\/index.php\/wp-json\/wp\/v2\/categories?post=5735"},{"taxonomy":"post_tag","embeddable":true,"href":"https:\/\/portalmovil.com.ar\/index.php\/wp-json\/wp\/v2\/tags?post=5735"}],"curies":[{"name":"wp","href":"https:\/\/api.w.org\/{rel}","templated":true}]}}