{"id":57212,"date":"2022-05-30T14:43:23","date_gmt":"2022-05-30T17:43:23","guid":{"rendered":"https:\/\/portalmovil.com.ar\/?p=57212"},"modified":"2022-05-30T14:43:26","modified_gmt":"2022-05-30T17:43:26","slug":"pronostican-temperaturas-por-debajo-de-cero-grado","status":"publish","type":"post","link":"https:\/\/portalmovil.com.ar\/index.php\/2022\/05\/30\/pronostican-temperaturas-por-debajo-de-cero-grado\/","title":{"rendered":"Pronostican temperaturas por debajo de cero grado"},"content":{"rendered":"\n<figure class=\"wp-block-image\"><img decoding=\"async\" src=\"http:\/\/agenciafoco.com.ar\/media\/cache\/quality\/uploads\/noticias\/6294fba94934b908358162.png\" alt=\"\"\/><\/figure>\n\n\n\n<p><img decoding=\"async\" alt=\"facebook sharing button\" src=\"https:\/\/platform-cdn.sharethis.com\/img\/facebook.svg\">&nbsp;Compartir<img decoding=\"async\" alt=\"twitter sharing button\" src=\"https:\/\/platform-cdn.sharethis.com\/img\/twitter.svg\">&nbsp;Twittear<img decoding=\"async\" alt=\"email sharing button\" src=\"https:\/\/platform-cdn.sharethis.com\/img\/email.svg\">&nbsp;Correo electr\u00f3nico<img decoding=\"async\" alt=\"whatsapp sharing button\" src=\"https:\/\/platform-cdn.sharethis.com\/img\/whatsapp.svg\">&nbsp;Compartir<\/p>\n\n\n\n<p>La Administraci\u00f3n Provincial del Agua (APA) pronostica tiempo algo nublado y muy fr\u00edo. En su habitual informe diario v\u00e1lido hasta el 2 de junio, desde el organismo provincial se prev\u00e9 para este&nbsp;<strong>martes 31<\/strong>, cielo despejado, neblinas matinales, viento del Sur y temperaturas previstas entre los -1\u00b0C y 18\u00baC.<\/p>\n\n\n\n<p>En tanto, para el mi\u00e9rcoles&nbsp;<strong>1 de junio<\/strong>, cielo despejado, viento del Sur y temperaturas previstas entre los 0\u00b0C y 18\u00baC. Finalmente para el&nbsp;<strong>jueves 2<\/strong>&nbsp;se augura cielo despejado, viento del Sudeste y temperaturas previstas entre los 3\u00b0C y 18\u00baC.<\/p>\n\n\n\n<h3 class=\"wp-block-heading\">Los r\u00edos<\/h3>\n\n\n\n<p>En cuanto a la situaci\u00f3n del r\u00edo Paran\u00e1 informa:<\/p>\n\n\n\n<p><strong>Andresito:<\/strong>&nbsp;1,16m Baja (Nivel de alerta Andresito: 4,50m)<\/p>\n\n\n\n<p><strong>Iguaz\u00fa:<\/strong>&nbsp;7,80m Baja (Nivel de alerta Iguaz\u00fa: 25m)<\/p>\n\n\n\n<p><strong>Ituzaing\u00f3:<\/strong>&nbsp;0,30m Baja (Nivel de alerta Ituzaing\u00f3: 3,50m)<\/p>\n\n\n\n<p><strong>Barranqueras<\/strong>: Sin datos (Nivel de alerta Barranqueras: 6,00m)<\/p>\n\n\n\n<p>Lluvias:<\/p>\n\n\n\n<p>R\u00edo Paran\u00e1: Sin lluvias.<\/p>\n\n\n\n<p>R\u00edo Iguaz\u00fa: Sin lluvias.<\/p>\n\n\n\n<p>Por \u00faltimo, sobre las situaci\u00f3n del&nbsp;<strong>r\u00edo Bermejo<\/strong>, sin lluvias; situaci\u00f3n&nbsp;<strong>r\u00edo Paraguay,<\/strong>&nbsp;lluvias d\u00e9biles.<\/p>\n","protected":false},"excerpt":{"rendered":"<p>&nbsp;Compartir&nbsp;Twittear&nbsp;Correo electr\u00f3nico&nbsp;Compartir La Administraci\u00f3n Provincial del Agua (APA) pronostica tiempo algo nublado y muy fr\u00edo. En su habitual informe diario v\u00e1lido hasta el 2 de junio, desde el organismo provincial se prev\u00e9 para este&nbsp;martes 31, cielo despejado, neblinas matinales, viento del Sur y temperaturas previstas entre los -1\u00b0C y 18\u00baC. En tanto, para el mi\u00e9rcoles&nbsp;1 &hellip;<\/p>\n","protected":false},"author":2,"featured_media":57213,"comment_status":"open","ping_status":"open","sticky":false,"template":"","format":"standard","meta":{"_jetpack_memberships_contains_paid_content":false,"footnotes":"","jetpack_publicize_message":"","jetpack_publicize_feature_enabled":true,"jetpack_social_post_already_shared":true,"jetpack_social_options":{"image_generator_settings":{"template":"highway","default_image_id":0,"font":"","enabled":false},"version":2}},"categories":[28,5],"tags":[],"class_list":["post-57212","post","type-post","status-publish","format-standard","has-post-thumbnail","hentry","category-actualidad","category-chaco"],"jetpack_publicize_connections":[],"jetpack_featured_media_url":"https:\/\/portalmovil.com.ar\/wp-content\/uploads\/2022\/05\/heladas-1.jpg","jetpack_sharing_enabled":true,"amp_enabled":true,"_links":{"self":[{"href":"https:\/\/portalmovil.com.ar\/index.php\/wp-json\/wp\/v2\/posts\/57212","targetHints":{"allow":["GET"]}}],"collection":[{"href":"https:\/\/portalmovil.com.ar\/index.php\/wp-json\/wp\/v2\/posts"}],"about":[{"href":"https:\/\/portalmovil.com.ar\/index.php\/wp-json\/wp\/v2\/types\/post"}],"author":[{"embeddable":true,"href":"https:\/\/portalmovil.com.ar\/index.php\/wp-json\/wp\/v2\/users\/2"}],"replies":[{"embeddable":true,"href":"https:\/\/portalmovil.com.ar\/index.php\/wp-json\/wp\/v2\/comments?post=57212"}],"version-history":[{"count":1,"href":"https:\/\/portalmovil.com.ar\/index.php\/wp-json\/wp\/v2\/posts\/57212\/revisions"}],"predecessor-version":[{"id":57214,"href":"https:\/\/portalmovil.com.ar\/index.php\/wp-json\/wp\/v2\/posts\/57212\/revisions\/57214"}],"wp:featuredmedia":[{"embeddable":true,"href":"https:\/\/portalmovil.com.ar\/index.php\/wp-json\/wp\/v2\/media\/57213"}],"wp:attachment":[{"href":"https:\/\/portalmovil.com.ar\/index.php\/wp-json\/wp\/v2\/media?parent=57212"}],"wp:term":[{"taxonomy":"category","embeddable":true,"href":"https:\/\/portalmovil.com.ar\/index.php\/wp-json\/wp\/v2\/categories?post=57212"},{"taxonomy":"post_tag","embeddable":true,"href":"https:\/\/portalmovil.com.ar\/index.php\/wp-json\/wp\/v2\/tags?post=57212"}],"curies":[{"name":"wp","href":"https:\/\/api.w.org\/{rel}","templated":true}]}}