{"id":56934,"date":"2022-05-24T18:43:33","date_gmt":"2022-05-24T21:43:33","guid":{"rendered":"https:\/\/portalmovil.com.ar\/?p=56934"},"modified":"2022-05-24T18:43:35","modified_gmt":"2022-05-24T21:43:35","slug":"mauricio-macri-vivimos-en-un-pais-en-donde-el-que-trabaja-es-un-gil","status":"publish","type":"post","link":"https:\/\/portalmovil.com.ar\/index.php\/2022\/05\/24\/mauricio-macri-vivimos-en-un-pais-en-donde-el-que-trabaja-es-un-gil\/","title":{"rendered":"Mauricio Macri: \u00abVivimos en un pa\u00eds en donde el que trabaja es un gil\u00bb"},"content":{"rendered":"\n<p>El ex presidente\u00a0se refiri\u00f3 a la coyuntura pol\u00edtica, la l\u00f3gica de su partido, la oposici\u00f3n y su mirada sobre el\u00a0Gobiern<strong>o\u00a0de\u00a0Alberto Fern\u00e1ndez.\u00a0<em>\u00abHemos tenido un \u00e9xodo masivo de j\u00f3venes talentosos que se fueron del pa\u00eds cuando nosotros\u00a0perdimos la elecci\u00f3n<\/em><\/strong><em>\u00ab<\/em>, apunt\u00f3.<\/p>\n\n\n\n<p><strong><em>\u00abArgentina est\u00e1 trabada por distintos grupos de poder\u00bb<\/em><\/strong>, manifest\u00f3 el referente de\u00a0Juntos por el Cambio. Asimismo, asegur\u00f3 que\u00a0<em>\u00abla Argentina est\u00e1 trabada\u00bb<\/em>, en t\u00e9rminos de transparencia econ\u00f3mica y pol\u00edtica. Por otra parte, desliz\u00f3:\u00a0<em>\u00abArgentina no puede crecer hace d\u00e9cadas por los negocios que invalidan la competencia\u00bb<\/em>.<\/p>\n\n\n\n<p><strong><em>\u00abSi Aerol\u00edneas&nbsp;Argentinas no puede funcionar como una aerol\u00ednea com\u00fan, que no exista m\u00e1s\u00bb<\/em><\/strong>, sentenci\u00f3 Macri sobre el funcionamiento de la empresa de bandera nacional en el canal&nbsp;<em>Todo Noticias&nbsp;<\/em>y tambi\u00e9n se pregunt\u00f3:&nbsp;<em>\u00abHasta que nivel de pobreza queremos llegar. Lleg\u00f3 el momento de tener coraje con un camino solidario\u00bb<\/em>.<\/p>\n\n\n\n<p>Tambi\u00e9n hizo referencia a la situaci\u00f3n que \u00e9l cree, se vive en la calle:&nbsp;<strong><em>\u00abVivimos en un pa\u00eds en donde el que trabaja es un gil.&nbsp;Nadie ahorra en pesos\u00bb<\/em><\/strong>.<\/p>\n","protected":false},"excerpt":{"rendered":"<p>El ex presidente\u00a0se refiri\u00f3 a la coyuntura pol\u00edtica, la l\u00f3gica de su partido, la oposici\u00f3n y su mirada sobre el\u00a0Gobierno\u00a0de\u00a0Alberto Fern\u00e1ndez.\u00a0\u00abHemos tenido un \u00e9xodo masivo de j\u00f3venes talentosos que se fueron del pa\u00eds cuando nosotros\u00a0perdimos la elecci\u00f3n\u00ab, apunt\u00f3. \u00abArgentina est\u00e1 trabada por distintos grupos de poder\u00bb, manifest\u00f3 el referente de\u00a0Juntos por el Cambio. Asimismo, asegur\u00f3 &hellip;<\/p>\n","protected":false},"author":2,"featured_media":56935,"comment_status":"open","ping_status":"open","sticky":false,"template":"","format":"standard","meta":{"_jetpack_memberships_contains_paid_content":false,"footnotes":"","jetpack_publicize_message":"","jetpack_publicize_feature_enabled":true,"jetpack_social_post_already_shared":true,"jetpack_social_options":{"image_generator_settings":{"template":"highway","default_image_id":0,"font":"","enabled":false},"version":2}},"categories":[639,14],"tags":[],"class_list":["post-56934","post","type-post","status-publish","format-standard","has-post-thumbnail","hentry","category-argentina","category-politica"],"jetpack_publicize_connections":[],"jetpack_featured_media_url":"https:\/\/portalmovil.com.ar\/wp-content\/uploads\/2022\/05\/0b4f1bbd-41b4-480a-bfa2-8c93bb9e043e.jpg","jetpack_sharing_enabled":true,"amp_enabled":true,"_links":{"self":[{"href":"https:\/\/portalmovil.com.ar\/index.php\/wp-json\/wp\/v2\/posts\/56934","targetHints":{"allow":["GET"]}}],"collection":[{"href":"https:\/\/portalmovil.com.ar\/index.php\/wp-json\/wp\/v2\/posts"}],"about":[{"href":"https:\/\/portalmovil.com.ar\/index.php\/wp-json\/wp\/v2\/types\/post"}],"author":[{"embeddable":true,"href":"https:\/\/portalmovil.com.ar\/index.php\/wp-json\/wp\/v2\/users\/2"}],"replies":[{"embeddable":true,"href":"https:\/\/portalmovil.com.ar\/index.php\/wp-json\/wp\/v2\/comments?post=56934"}],"version-history":[{"count":1,"href":"https:\/\/portalmovil.com.ar\/index.php\/wp-json\/wp\/v2\/posts\/56934\/revisions"}],"predecessor-version":[{"id":56936,"href":"https:\/\/portalmovil.com.ar\/index.php\/wp-json\/wp\/v2\/posts\/56934\/revisions\/56936"}],"wp:featuredmedia":[{"embeddable":true,"href":"https:\/\/portalmovil.com.ar\/index.php\/wp-json\/wp\/v2\/media\/56935"}],"wp:attachment":[{"href":"https:\/\/portalmovil.com.ar\/index.php\/wp-json\/wp\/v2\/media?parent=56934"}],"wp:term":[{"taxonomy":"category","embeddable":true,"href":"https:\/\/portalmovil.com.ar\/index.php\/wp-json\/wp\/v2\/categories?post=56934"},{"taxonomy":"post_tag","embeddable":true,"href":"https:\/\/portalmovil.com.ar\/index.php\/wp-json\/wp\/v2\/tags?post=56934"}],"curies":[{"name":"wp","href":"https:\/\/api.w.org\/{rel}","templated":true}]}}