{"id":56577,"date":"2022-05-18T11:37:02","date_gmt":"2022-05-18T14:37:02","guid":{"rendered":"https:\/\/portalmovil.com.ar\/?p=56577"},"modified":"2022-05-18T11:37:50","modified_gmt":"2022-05-18T14:37:50","slug":"las-brenas-hallan-un-cadaver-e-investigan-si-se-trata-de-la-joven-desaparecida-lorena-diaz","status":"publish","type":"post","link":"https:\/\/portalmovil.com.ar\/index.php\/2022\/05\/18\/las-brenas-hallan-un-cadaver-e-investigan-si-se-trata-de-la-joven-desaparecida-lorena-diaz\/","title":{"rendered":"Las Bre\u00f1as: Hallan un cad\u00e1ver e investigan si se trata de la joven desaparecida Lorena D\u00edaz"},"content":{"rendered":"\n<p>Este martes por la noche, efectivos de la Direcci\u00f3n de Zona Interior de Charata tomaron conocimiento que un vecino encontr\u00f3 lo que ser\u00eda parte de un cad\u00e1ver entre la tierra bajo las ramas.<\/p>\n\n\n\n<p>Cerca de las 23 los efectivos recorr\u00edan zona rural Paraje La Selva, de esa localidad, a unos 6,5 kil\u00f3metros al Noroeste del casco urbano de Las Bre\u00f1as donde tras el aviso de esta persona recorrieron la vera de un camino vecinal y hallaron restos de un cuerpo.<\/p>\n\n\n\n<p>En el lugar se hicieron presentes el subjefe de Polic\u00eda, David Vega, la directora de Zona Interior Charata Mirta Clemantovich y autoridades judiciales.<\/p>\n\n\n\n<p>Con las primeras luces del d\u00eda el personal del Gabinete Cient\u00edfico realiz\u00f3 tareas de movimiento de tierra, periciales y dem\u00e1s trabajos para poder determinar de qui\u00e9n se trata. &nbsp;<\/p>\n\n\n\n<p>El cuerpo fue trasladado a la morgue judicial por el personal de Bomberos de la Polic\u00eda, donde a trav\u00e9s de los estudios forenses determinaran su identificaci\u00f3n.<\/p>\n","protected":false},"excerpt":{"rendered":"<p>Este martes por la noche, efectivos de la Direcci\u00f3n de Zona Interior de Charata tomaron conocimiento que un vecino encontr\u00f3 lo que ser\u00eda parte de un cad\u00e1ver entre la tierra bajo las ramas. Cerca de las 23 los efectivos recorr\u00edan zona rural Paraje La Selva, de esa localidad, a unos 6,5 kil\u00f3metros al Noroeste del &hellip;<\/p>\n","protected":false},"author":2,"featured_media":56579,"comment_status":"open","ping_status":"open","sticky":false,"template":"","format":"standard","meta":{"_jetpack_memberships_contains_paid_content":false,"footnotes":"","jetpack_publicize_message":"","jetpack_publicize_feature_enabled":true,"jetpack_social_post_already_shared":true,"jetpack_social_options":{"image_generator_settings":{"template":"highway","default_image_id":0,"font":"","enabled":false},"version":2}},"categories":[5,8],"tags":[],"class_list":["post-56577","post","type-post","status-publish","format-standard","has-post-thumbnail","hentry","category-chaco","category-policiales"],"jetpack_publicize_connections":[],"jetpack_featured_media_url":"https:\/\/portalmovil.com.ar\/wp-content\/uploads\/2022\/05\/04dc7100-5bfb-4237-8818-59d34c6cc658.jpg","jetpack_sharing_enabled":true,"amp_enabled":true,"_links":{"self":[{"href":"https:\/\/portalmovil.com.ar\/index.php\/wp-json\/wp\/v2\/posts\/56577","targetHints":{"allow":["GET"]}}],"collection":[{"href":"https:\/\/portalmovil.com.ar\/index.php\/wp-json\/wp\/v2\/posts"}],"about":[{"href":"https:\/\/portalmovil.com.ar\/index.php\/wp-json\/wp\/v2\/types\/post"}],"author":[{"embeddable":true,"href":"https:\/\/portalmovil.com.ar\/index.php\/wp-json\/wp\/v2\/users\/2"}],"replies":[{"embeddable":true,"href":"https:\/\/portalmovil.com.ar\/index.php\/wp-json\/wp\/v2\/comments?post=56577"}],"version-history":[{"count":1,"href":"https:\/\/portalmovil.com.ar\/index.php\/wp-json\/wp\/v2\/posts\/56577\/revisions"}],"predecessor-version":[{"id":56578,"href":"https:\/\/portalmovil.com.ar\/index.php\/wp-json\/wp\/v2\/posts\/56577\/revisions\/56578"}],"wp:featuredmedia":[{"embeddable":true,"href":"https:\/\/portalmovil.com.ar\/index.php\/wp-json\/wp\/v2\/media\/56579"}],"wp:attachment":[{"href":"https:\/\/portalmovil.com.ar\/index.php\/wp-json\/wp\/v2\/media?parent=56577"}],"wp:term":[{"taxonomy":"category","embeddable":true,"href":"https:\/\/portalmovil.com.ar\/index.php\/wp-json\/wp\/v2\/categories?post=56577"},{"taxonomy":"post_tag","embeddable":true,"href":"https:\/\/portalmovil.com.ar\/index.php\/wp-json\/wp\/v2\/tags?post=56577"}],"curies":[{"name":"wp","href":"https:\/\/api.w.org\/{rel}","templated":true}]}}