{"id":56538,"date":"2022-05-17T10:56:12","date_gmt":"2022-05-17T13:56:12","guid":{"rendered":"https:\/\/portalmovil.com.ar\/?p=56538"},"modified":"2022-05-17T10:56:14","modified_gmt":"2022-05-17T13:56:14","slug":"masacre-de-napalpi-este-jueves-concluye-el-juicio-por-la-verdad","status":"publish","type":"post","link":"https:\/\/portalmovil.com.ar\/index.php\/2022\/05\/17\/masacre-de-napalpi-este-jueves-concluye-el-juicio-por-la-verdad\/","title":{"rendered":"Masacre de Napalp\u00ed : Este jueves concluye el juicio por la verdad"},"content":{"rendered":"\n<p>En el Juicio por la Verdad por la Masacre de Napalp\u00ed este jueves, a partir de las 8 en el Centro de Convenciones Gala,&nbsp; se realizar\u00e1 la presentaci\u00f3n y lectura de los alegatos finales por parte de la Fiscal\u00eda y las querellas, entre ellas la Secretar\u00eda de Derechos Humanos y G\u00e9neros de la Provincia.<\/p>\n\n\n\n<p>La presentaci\u00f3n estar\u00e1 a cargo de las partes, el fiscal general Federico Carniel y el fiscal ad hoc. Diego Vigay; la secretaria de DDHH del Chaco Silvana P\u00e9rez y el abogado querellante Duilio Ram\u00edrez; el Presidente del IDACH Miguel Iya G\u00f3mez y el abogado querellante Emiliano Nu\u00f1ez.<\/p>\n\n\n\n<p>La jueza Zunilda Niremperger explic\u00f3 que el objetivo de este proceso es avanzar en una reparaci\u00f3n hist\u00f3rica por los cr\u00edmenes de lesa humanidad cometidos por el Estado en 1924 contra unas 400 personas de las etnias Qom y Moqoit, adem\u00e1s de criollos. Debido a sus caracter\u00edsticas de Juicio por la Verdad, no hay imputados pero s\u00ed una b\u00fasqueda por garantizar el acceso a la justicia y legitimar los hechos.<\/p>\n\n\n\n<p>Esta instancia resulta fundamental no s\u00f3lo en t\u00e9rminos de reparaci\u00f3n hist\u00f3rica para los pueblos agraviados sino para la sociedad en s\u00ed misma, ya que las consecuencias de esta masacre significaron la invisibilizaci\u00f3n y la condena al silencio de una parte fundamental de la historia y de nuestra identidad.<\/p>\n\n\n\n<p>El jueves 12 de mayo concluy\u00f3 la sexta audiencia de las rondas orales y p\u00fablicas. A lo largo de seis jornadas (19 de abril, 26, 27 de abril y 3, 10 y 12 de mayo), sobrevivientes, v\u00edctimas indirectas, investigadores, antrop\u00f3logos y especialistas, brindaron sus testimonios en car\u00e1cter de testigos y damnificados por este etnocidio. \u201cChaque\u00f1as y chaque\u00f1os pedimos memoria, verdad y justicia. Seguimos luchando por un pa\u00eds libre, soberano, equitativo e igualitario\u201d, sostuvo la secretaria de Derechos Humanos y G\u00e9neros Silvana P\u00e9rez.<\/p>\n\n\n\n<p>A lo largo de cada una de estas presentaciones, quienes se presentaron&nbsp; prestar declaraci\u00f3n expusieron, desde miradas propias de las comunidades, profesionales e hist\u00f3ricas los diferentes escenarios que se produjeron antes, durante y luego del 19 de julio de 1924 en la reducci\u00f3n ind\u00edgena de Napalp\u00ed, hoy llamada Colonia Aborigen, uno de los tantos sitios creados por el Estado para concentrar a las poblaciones ind\u00edgenas y poder explotarlas como mano de obra barata.<\/p>\n\n\n\n<p>Entre los relatos escuchados, pudo o\u00edrse entre otros tantos crudos testimonios, el de Melitona Enrique, sobreviviente del fusilamiento de los miembros de las comunidades Qom y Moqoit, adem\u00e1s de criollos. El registro de Melitona, \u00faltima sobreviviente de la Masacre de Napalp\u00ed fallecida en 2008 a los 107 a\u00f1os, es el primer relato documentado respecto a lo sucedido en Napalp\u00ed y admitido como prueba en este juicio. La sobreviviente revivi\u00f3 en su lengua natal y con la traducci\u00f3n de su hijo, el escenario del cual tuvo que huir \u201centre tanta gente muerta\u201d.<\/p>\n\n\n\n<p>De igual manera, Lucia Pereira, transmiti\u00f3 lo que su padre le hab\u00eda contado y asegur\u00f3 que el reclamo se dio ya que \u201cno pod\u00edan irse a otro lado a trabajar. Les hac\u00edan trabajar por un plato de comida, los obligaban los patrones que les hac\u00edan cortar la madera. No ten\u00edan nada, se curaban con yuyos que se pon\u00edan en las heridas si se lastimaban\u201d.<\/p>\n\n\n\n<p>Entre otras declaraciones o\u00eddas, David Garc\u00eda, descendiente de los sobrevivientes, expres\u00f3: \u201cNapalp\u00ed es algo que siempre quisieron callar y ocultar, pero la realidad es que es algo que nunca dej\u00f3 de hablarse de forma interna en las comunidades\u201d, reflejando la constante presencia de la necesidad de una reparaci\u00f3n integral que tienen estos pueblos.<\/p>\n\n\n\n<h3 class=\"wp-block-heading\">Reparaci\u00f3n hist\u00f3rica<\/h3>\n\n\n\n<p>La subsecretaria de Derechos Humanos Nayla Bosch detall\u00f3 que este tipo de procesos judiciales no solo implican un importante precedente en materia penal, sino que anexan una afectaci\u00f3n a la sociedad entera al ser un delito de lesa humanidad. \u201cEste juicio permite una reparaci\u00f3n hist\u00f3rica para todo el pueblo chaque\u00f1o y sus pueblos originarios, generando un discurso donde ya no se niegue el genocidio y se constituya una identidad provincial inclusiva y con memoria\u201d, sostuvo.<\/p>\n\n\n\n<p>Desde la Secretar\u00eda de Derechos Humanos y G\u00e9neros recuerdan a la ciudadan\u00eda que quienes as\u00ed lo deseen quedan invitados a seguir la transmisi\u00f3n en vivo a partir de las 8, a trav\u00e9s de la cuenta oficial de Youtube de Chaco Gobierno de Todos para garantizar el acceso a esta informaci\u00f3n a toda la poblaci\u00f3n.<\/p>\n\n\n\n<p>El juicio, primero en el pa\u00eds en juzgar un etnocidio como cr\u00edmenes de lesa humanidad, es posible gracias a la articulaci\u00f3n de la lucha de las comunidades ind\u00edgenas, las organizaciones comunitarias, las organizaciones de derechos humanos, la investigaci\u00f3n de historiadores como Juan Chico, la Fundaci\u00f3n Napalp\u00ed, la voluntad y trabajo de la Justicia Federal y una decisi\u00f3n pol\u00edtica del Estado provincial de estar a la altura de las circunstancias para dar el acompa\u00f1amiento merecido.<\/p>\n","protected":false},"excerpt":{"rendered":"<p>En el Juicio por la Verdad por la Masacre de Napalp\u00ed este jueves, a partir de las 8 en el Centro de Convenciones Gala,&nbsp; se realizar\u00e1 la presentaci\u00f3n y lectura de los alegatos finales por parte de la Fiscal\u00eda y las querellas, entre ellas la Secretar\u00eda de Derechos Humanos y G\u00e9neros de la Provincia. La &hellip;<\/p>\n","protected":false},"author":2,"featured_media":56539,"comment_status":"open","ping_status":"open","sticky":false,"template":"","format":"standard","meta":{"_jetpack_memberships_contains_paid_content":false,"footnotes":"","jetpack_publicize_message":"","jetpack_publicize_feature_enabled":true,"jetpack_social_post_already_shared":true,"jetpack_social_options":{"image_generator_settings":{"template":"highway","default_image_id":0,"font":"","enabled":false},"version":2}},"categories":[5,50,12],"tags":[],"class_list":["post-56538","post","type-post","status-publish","format-standard","has-post-thumbnail","hentry","category-chaco","category-judiciales","category-ultimo"],"jetpack_publicize_connections":[],"jetpack_featured_media_url":"https:\/\/portalmovil.com.ar\/wp-content\/uploads\/2022\/05\/6283a8391eb00101218672.jpg","jetpack_sharing_enabled":true,"amp_enabled":true,"_links":{"self":[{"href":"https:\/\/portalmovil.com.ar\/index.php\/wp-json\/wp\/v2\/posts\/56538","targetHints":{"allow":["GET"]}}],"collection":[{"href":"https:\/\/portalmovil.com.ar\/index.php\/wp-json\/wp\/v2\/posts"}],"about":[{"href":"https:\/\/portalmovil.com.ar\/index.php\/wp-json\/wp\/v2\/types\/post"}],"author":[{"embeddable":true,"href":"https:\/\/portalmovil.com.ar\/index.php\/wp-json\/wp\/v2\/users\/2"}],"replies":[{"embeddable":true,"href":"https:\/\/portalmovil.com.ar\/index.php\/wp-json\/wp\/v2\/comments?post=56538"}],"version-history":[{"count":1,"href":"https:\/\/portalmovil.com.ar\/index.php\/wp-json\/wp\/v2\/posts\/56538\/revisions"}],"predecessor-version":[{"id":56540,"href":"https:\/\/portalmovil.com.ar\/index.php\/wp-json\/wp\/v2\/posts\/56538\/revisions\/56540"}],"wp:featuredmedia":[{"embeddable":true,"href":"https:\/\/portalmovil.com.ar\/index.php\/wp-json\/wp\/v2\/media\/56539"}],"wp:attachment":[{"href":"https:\/\/portalmovil.com.ar\/index.php\/wp-json\/wp\/v2\/media?parent=56538"}],"wp:term":[{"taxonomy":"category","embeddable":true,"href":"https:\/\/portalmovil.com.ar\/index.php\/wp-json\/wp\/v2\/categories?post=56538"},{"taxonomy":"post_tag","embeddable":true,"href":"https:\/\/portalmovil.com.ar\/index.php\/wp-json\/wp\/v2\/tags?post=56538"}],"curies":[{"name":"wp","href":"https:\/\/api.w.org\/{rel}","templated":true}]}}