{"id":56360,"date":"2022-05-13T10:47:52","date_gmt":"2022-05-13T13:47:52","guid":{"rendered":"https:\/\/portalmovil.com.ar\/?p=56360"},"modified":"2022-05-13T10:47:55","modified_gmt":"2022-05-13T13:47:55","slug":"se-inauguro-la-sede-central-del-pj-barranqueras","status":"publish","type":"post","link":"https:\/\/portalmovil.com.ar\/index.php\/2022\/05\/13\/se-inauguro-la-sede-central-del-pj-barranqueras\/","title":{"rendered":"Se inaugur\u00f3 la sede central del PJ Barranqueras"},"content":{"rendered":"\n<p>El martes se inauguro la sede central del Partido Justicialista de Barranqueras, ubicado en Diagonal Eva Per\u00f3n 441. La fiesta popular de inauguraci\u00f3n cont\u00f3 con la participaron de una gran cantidad de vecinos, agrupaciones, referentes y dirigentes, tanto locales como provinciales, como los Diputado Juan Carlos Ayala y Atlanto Honcheruk, el Ministro Juan Manuel Chapo y la Intendente y presidenta del PJ local Magda Ayala.<\/p>\n\n\n\n<p>\u201cTener una casa partidaria en Barranqueras era una deuda hist\u00f3rica que durante muchos a\u00f1os los compa\u00f1eros y compa\u00f1eras reclamaban porque representa una casa com\u00fan, de encuentro, de gesti\u00f3n y de atenci\u00f3n para trabajar y seguir atendiendo los requerimientos de nuestra comunidad\u201d, comento Magda Ayala. \u201cEste espacio responde a la esencia militante de estar de forma permanente al lado de cada uno de nuestros vecinos y vecinas\u201d, agreg\u00f3.<\/p>\n\n\n\n<p>Esta sede partidaria permitir\u00e1 organizar los trabajos necesarios para impulsar diferentes proyectos, para discutir y rediscutir temas de agenda que son importantes para la comunidad local en general y atender y trabajar sobre los requerimientos y pedidos de los vecinos y vecinas para continuar transformando la ciudad portuaria<\/p>\n","protected":false},"excerpt":{"rendered":"<p>El martes se inauguro la sede central del Partido Justicialista de Barranqueras, ubicado en Diagonal Eva Per\u00f3n 441. La fiesta popular de inauguraci\u00f3n cont\u00f3 con la participaron de una gran cantidad de vecinos, agrupaciones, referentes y dirigentes, tanto locales como provinciales, como los Diputado Juan Carlos Ayala y Atlanto Honcheruk, el Ministro Juan Manuel Chapo &hellip;<\/p>\n","protected":false},"author":2,"featured_media":56361,"comment_status":"open","ping_status":"open","sticky":false,"template":"","format":"standard","meta":{"_jetpack_memberships_contains_paid_content":false,"footnotes":"","jetpack_publicize_message":"","jetpack_publicize_feature_enabled":true,"jetpack_social_post_already_shared":true,"jetpack_social_options":{"image_generator_settings":{"template":"highway","default_image_id":0,"font":"","enabled":false},"version":2}},"categories":[5,14],"tags":[],"class_list":["post-56360","post","type-post","status-publish","format-standard","has-post-thumbnail","hentry","category-chaco","category-politica"],"jetpack_publicize_connections":[],"jetpack_featured_media_url":"https:\/\/portalmovil.com.ar\/wp-content\/uploads\/2022\/05\/280183029_510856497343053_2701872674801512944_n.jpg","jetpack_sharing_enabled":true,"amp_enabled":true,"_links":{"self":[{"href":"https:\/\/portalmovil.com.ar\/index.php\/wp-json\/wp\/v2\/posts\/56360","targetHints":{"allow":["GET"]}}],"collection":[{"href":"https:\/\/portalmovil.com.ar\/index.php\/wp-json\/wp\/v2\/posts"}],"about":[{"href":"https:\/\/portalmovil.com.ar\/index.php\/wp-json\/wp\/v2\/types\/post"}],"author":[{"embeddable":true,"href":"https:\/\/portalmovil.com.ar\/index.php\/wp-json\/wp\/v2\/users\/2"}],"replies":[{"embeddable":true,"href":"https:\/\/portalmovil.com.ar\/index.php\/wp-json\/wp\/v2\/comments?post=56360"}],"version-history":[{"count":1,"href":"https:\/\/portalmovil.com.ar\/index.php\/wp-json\/wp\/v2\/posts\/56360\/revisions"}],"predecessor-version":[{"id":56362,"href":"https:\/\/portalmovil.com.ar\/index.php\/wp-json\/wp\/v2\/posts\/56360\/revisions\/56362"}],"wp:featuredmedia":[{"embeddable":true,"href":"https:\/\/portalmovil.com.ar\/index.php\/wp-json\/wp\/v2\/media\/56361"}],"wp:attachment":[{"href":"https:\/\/portalmovil.com.ar\/index.php\/wp-json\/wp\/v2\/media?parent=56360"}],"wp:term":[{"taxonomy":"category","embeddable":true,"href":"https:\/\/portalmovil.com.ar\/index.php\/wp-json\/wp\/v2\/categories?post=56360"},{"taxonomy":"post_tag","embeddable":true,"href":"https:\/\/portalmovil.com.ar\/index.php\/wp-json\/wp\/v2\/tags?post=56360"}],"curies":[{"name":"wp","href":"https:\/\/api.w.org\/{rel}","templated":true}]}}