{"id":5632,"date":"2020-04-25T14:31:11","date_gmt":"2020-04-25T17:31:11","guid":{"rendered":"http:\/\/portalmovil.com.ar\/?p=5632"},"modified":"2020-04-25T14:31:15","modified_gmt":"2020-04-25T17:31:15","slug":"tarjeta-alimentaria-el-miercoles-entregaran-un-refuerzo-extra-de-entre-4-mil-y-6-mil-pesos","status":"publish","type":"post","link":"https:\/\/portalmovil.com.ar\/index.php\/2020\/04\/25\/tarjeta-alimentaria-el-miercoles-entregaran-un-refuerzo-extra-de-entre-4-mil-y-6-mil-pesos\/","title":{"rendered":"TARJETA ALIMENTARIA: el mi\u00e9rcoles entregar\u00e1n un refuerzo extra de entre 4 mil y 6 mil pesos"},"content":{"rendered":"\n<p>El ministro de Desarrollo Social, Daniel Arroyo, anunci\u00f3 el pago de un \u201crefuerzo extraordinario\u201d para los beneficiarios de la Tarjeta Alimentar que se acreditar\u00e1 el pr\u00f3ximo mi\u00e9rcoles 29. Seg\u00fan se detall\u00f3, ser\u00e1 de 4 mil pesos para las familias con un hijo y 6 mil para aquellas que tengan m\u00e1s de un hijo.<\/p>\n\n\n\n<p>\u201cNuestra tarea es fortalecer el derecho de las familias a una alimentaci\u00f3n sana y sostener los ingresos en una situaci\u00f3n social cr\u00edtica\u201d, explic\u00f3 el funcionario a trav\u00e9s de un comunicado.<\/p>\n\n\n\n<p>Desde el Ministerio se se\u00f1al\u00f3 que el objetivo de este pago extra es \u201cgarantizar el acceso a la alimentaci\u00f3n de los sectores m\u00e1s vulnerables en el marco de la emergencia ocasionado por la Covid-19\u201d.<\/p>\n\n\n\n<p>Con respecto a los que son titulares del plan Alimentar, pero no tienen la tarjeta para cobrar, el monto se les acreditar\u00e1 junto con el pago de la AUH, de acuerdo al cronograma de fechas dispuestas por Anses, seg\u00fan inform\u00f3 la cartera social.<\/p>\n\n\n\n<p>Tambi\u00e9n se remarc\u00f3 que esta iniciativa se suma al incremento de las partidas para la asistencia alimentaria en comedores escolares, comedores comunitarios y merenderos; as\u00ed como los convenios firmados con municipios y provincias para la compra de alimentos y productos de limpieza.<\/p>\n\n\n\n<h3 class=\"wp-block-heading\"><strong>Costo gubernamental<\/strong><\/h3>\n\n\n\n<p>La inversi\u00f3n que destina el Gobierno nacional en la Tarjeta Alimentar significa mensualmente 1.800 millones de pesos en el conurbano; 2.800 millones en la provincia Buenos Aires; y 7.600 millones en todo el pa\u00eds.<\/p>\n\n\n\n<p>La tarjeta Alimentar est\u00e1 destinada a madres y padres con hijos de hasta 6 a\u00f1os de edad que reciben la Asignaci\u00f3n Universal por Hijo (AUH); embarazadas a partir de los tres meses que cobran la Asignaci\u00f3n por Embarazo; y personas con discapacidad que reciben la AUH.<\/p>\n","protected":false},"excerpt":{"rendered":"<p>El ministro de Desarrollo Social, Daniel Arroyo, anunci\u00f3 el pago de un \u201crefuerzo extraordinario\u201d para los beneficiarios de la Tarjeta Alimentar que se acreditar\u00e1 el pr\u00f3ximo mi\u00e9rcoles 29. Seg\u00fan se detall\u00f3, ser\u00e1 de 4 mil pesos para las familias con un hijo y 6 mil para aquellas que tengan m\u00e1s de un hijo. \u201cNuestra tarea &hellip;<\/p>\n","protected":false},"author":2,"featured_media":527,"comment_status":"open","ping_status":"open","sticky":false,"template":"","format":"standard","meta":{"_jetpack_memberships_contains_paid_content":false,"footnotes":"","jetpack_publicize_message":"","jetpack_publicize_feature_enabled":true,"jetpack_social_post_already_shared":true,"jetpack_social_options":{"image_generator_settings":{"template":"highway","default_image_id":0,"font":"","enabled":false},"version":2}},"categories":[28,3],"tags":[],"class_list":["post-5632","post","type-post","status-publish","format-standard","has-post-thumbnail","hentry","category-actualidad","category-sociedad"],"jetpack_publicize_connections":[],"jetpack_featured_media_url":"https:\/\/portalmovil.com.ar\/wp-content\/uploads\/2020\/01\/tarjeta_alimentaria_chaco0_4.jpg","jetpack_sharing_enabled":true,"amp_enabled":true,"_links":{"self":[{"href":"https:\/\/portalmovil.com.ar\/index.php\/wp-json\/wp\/v2\/posts\/5632","targetHints":{"allow":["GET"]}}],"collection":[{"href":"https:\/\/portalmovil.com.ar\/index.php\/wp-json\/wp\/v2\/posts"}],"about":[{"href":"https:\/\/portalmovil.com.ar\/index.php\/wp-json\/wp\/v2\/types\/post"}],"author":[{"embeddable":true,"href":"https:\/\/portalmovil.com.ar\/index.php\/wp-json\/wp\/v2\/users\/2"}],"replies":[{"embeddable":true,"href":"https:\/\/portalmovil.com.ar\/index.php\/wp-json\/wp\/v2\/comments?post=5632"}],"version-history":[{"count":1,"href":"https:\/\/portalmovil.com.ar\/index.php\/wp-json\/wp\/v2\/posts\/5632\/revisions"}],"predecessor-version":[{"id":5633,"href":"https:\/\/portalmovil.com.ar\/index.php\/wp-json\/wp\/v2\/posts\/5632\/revisions\/5633"}],"wp:featuredmedia":[{"embeddable":true,"href":"https:\/\/portalmovil.com.ar\/index.php\/wp-json\/wp\/v2\/media\/527"}],"wp:attachment":[{"href":"https:\/\/portalmovil.com.ar\/index.php\/wp-json\/wp\/v2\/media?parent=5632"}],"wp:term":[{"taxonomy":"category","embeddable":true,"href":"https:\/\/portalmovil.com.ar\/index.php\/wp-json\/wp\/v2\/categories?post=5632"},{"taxonomy":"post_tag","embeddable":true,"href":"https:\/\/portalmovil.com.ar\/index.php\/wp-json\/wp\/v2\/tags?post=5632"}],"curies":[{"name":"wp","href":"https:\/\/api.w.org\/{rel}","templated":true}]}}