{"id":56213,"date":"2022-05-11T09:23:04","date_gmt":"2022-05-11T12:23:04","guid":{"rendered":"https:\/\/portalmovil.com.ar\/?p=56213"},"modified":"2022-05-11T09:23:06","modified_gmt":"2022-05-11T12:23:06","slug":"alberto-fernandez-confirmo-que-buscara-la-reeleccion-en-2023-los-peronistas-nunca-nos-damos-por-vencidos","status":"publish","type":"post","link":"https:\/\/portalmovil.com.ar\/index.php\/2022\/05\/11\/alberto-fernandez-confirmo-que-buscara-la-reeleccion-en-2023-los-peronistas-nunca-nos-damos-por-vencidos\/","title":{"rendered":"Alberto Fern\u00e1ndez confirm\u00f3 que buscar\u00e1 la reelecci\u00f3n en 2023: \u201cLos peronistas nunca nos damos por vencidos\u201d"},"content":{"rendered":"\n<p>As\u00ed lo afirm\u00f3 el presidente, Alberto Fern\u00e1ndez, durante su gira por Europa a un medio espa\u00f1ol.&nbsp;<\/p>\n\n\n\n<p>El mandatario nacional confirm\u00f3 en una entrevista realizada con RTVE (Radio y Televisi\u00f3n Espa\u00f1ola), que se siente con \u00ab<strong>absolutamente con todas las fuerzas necesarias para que la Argentina se ponga de pie. Y la voy a poner de pie<\/strong>\u00ab.<\/p>\n\n\n\n<p>Sobre el final de la entrevista, el periodista&nbsp;<strong>Jos\u00e9 Antonio Guardiola<\/strong>&nbsp;le pregunt\u00f3:&nbsp; \u00ab\u00bfSe ve usted con fuerzas no solo de terminar su mandato, sino de presentarse a la reelecci\u00f3n en 2023?\u00bb, y la&nbsp;<strong>respuesta de Fern\u00e1ndez<\/strong>&nbsp;fue contundente: \u00ab<strong>Me siento absolutamente con todas las fuerzas necesarias para que la Argentina se ponga de pie. Y la voy a poner de pie<\/strong>&nbsp;\u00ab.<\/p>\n\n\n\n<p>En esa l\u00ednea, Fern\u00e1ndez asegur\u00f3: \u00ab<strong>Si hay algo que nos pasa a los peronistas es que nunca nos damos por vencidos.<\/strong>&nbsp;Nos mataron mil veces, nos persiguieron, nos desaparecieron, nos derrocaron una y otra vez.&nbsp;<strong>Nosotros no sabemos de qu\u00e9 se trata eso de bajar los brazos<\/strong>\u00ab.&nbsp;<\/p>\n\n\n\n<p>Luego, el jefe de Estado se refiri\u00f3 a la vicepresidente,&nbsp;<strong>Cristina Fern\u00e1ndez de Kirchner<\/strong>&nbsp;y de la tan mencionada<strong>&nbsp;interna<\/strong>&nbsp;oficialista. \u00abFue dos veces presidenta y&nbsp;<strong>representa a una gran parte del electorado<\/strong>.&nbsp;A veces no estamos de acuerdo en algo y se genera un barullo muy grande.&nbsp;Son distintas miradas y todas respetables, pero en&nbsp;<strong>este tiempo me toca gobernar a m\u00ed y tengo que tomar decisiones, y algunas de esas decisiones seguro no conforman a todos<\/strong>\u00ab.<\/p>\n\n\n\n<p>A su vez, a\u00f1adi\u00f3 que \u00ab<strong>el pa\u00eds que yo quiero es el mismo que quiere Cristina<\/strong>&nbsp;. A m\u00ed me preocupa tanto como a ella la distribuci\u00f3n del ingreso, la inflaci\u00f3n, que los poderosos no sigan adue\u00f1\u00e1ndose de la renta mientras millones de argentinos quedan sumidos en la pobreza.<strong>&nbsp;A veces no nos ponemos de acuerdo sobre cu\u00e1l es el mejor camino para llegar a esos objetivos y eso genera mucho ruido, pero a m\u00ed el ruido no me molesta<\/strong>\u00ab.<\/p>\n","protected":false},"excerpt":{"rendered":"<p>As\u00ed lo afirm\u00f3 el presidente, Alberto Fern\u00e1ndez, durante su gira por Europa a un medio espa\u00f1ol.&nbsp; El mandatario nacional confirm\u00f3 en una entrevista realizada con RTVE (Radio y Televisi\u00f3n Espa\u00f1ola), que se siente con \u00ababsolutamente con todas las fuerzas necesarias para que la Argentina se ponga de pie. Y la voy a poner de pie\u00ab. &hellip;<\/p>\n","protected":false},"author":2,"featured_media":56214,"comment_status":"open","ping_status":"open","sticky":false,"template":"","format":"standard","meta":{"_jetpack_memberships_contains_paid_content":false,"footnotes":"","jetpack_publicize_message":"","jetpack_publicize_feature_enabled":true,"jetpack_social_post_already_shared":true,"jetpack_social_options":{"image_generator_settings":{"template":"highway","default_image_id":0,"font":"","enabled":false},"version":2}},"categories":[639,14,12],"tags":[],"class_list":["post-56213","post","type-post","status-publish","format-standard","has-post-thumbnail","hentry","category-argentina","category-politica","category-ultimo"],"jetpack_publicize_connections":[],"jetpack_featured_media_url":"https:\/\/portalmovil.com.ar\/wp-content\/uploads\/2022\/05\/1031538.jpg","jetpack_sharing_enabled":true,"amp_enabled":true,"_links":{"self":[{"href":"https:\/\/portalmovil.com.ar\/index.php\/wp-json\/wp\/v2\/posts\/56213","targetHints":{"allow":["GET"]}}],"collection":[{"href":"https:\/\/portalmovil.com.ar\/index.php\/wp-json\/wp\/v2\/posts"}],"about":[{"href":"https:\/\/portalmovil.com.ar\/index.php\/wp-json\/wp\/v2\/types\/post"}],"author":[{"embeddable":true,"href":"https:\/\/portalmovil.com.ar\/index.php\/wp-json\/wp\/v2\/users\/2"}],"replies":[{"embeddable":true,"href":"https:\/\/portalmovil.com.ar\/index.php\/wp-json\/wp\/v2\/comments?post=56213"}],"version-history":[{"count":1,"href":"https:\/\/portalmovil.com.ar\/index.php\/wp-json\/wp\/v2\/posts\/56213\/revisions"}],"predecessor-version":[{"id":56215,"href":"https:\/\/portalmovil.com.ar\/index.php\/wp-json\/wp\/v2\/posts\/56213\/revisions\/56215"}],"wp:featuredmedia":[{"embeddable":true,"href":"https:\/\/portalmovil.com.ar\/index.php\/wp-json\/wp\/v2\/media\/56214"}],"wp:attachment":[{"href":"https:\/\/portalmovil.com.ar\/index.php\/wp-json\/wp\/v2\/media?parent=56213"}],"wp:term":[{"taxonomy":"category","embeddable":true,"href":"https:\/\/portalmovil.com.ar\/index.php\/wp-json\/wp\/v2\/categories?post=56213"},{"taxonomy":"post_tag","embeddable":true,"href":"https:\/\/portalmovil.com.ar\/index.php\/wp-json\/wp\/v2\/tags?post=56213"}],"curies":[{"name":"wp","href":"https:\/\/api.w.org\/{rel}","templated":true}]}}