{"id":56026,"date":"2022-05-08T18:12:37","date_gmt":"2022-05-08T21:12:37","guid":{"rendered":"https:\/\/portalmovil.com.ar\/?p=56026"},"modified":"2022-05-08T18:12:41","modified_gmt":"2022-05-08T21:12:41","slug":"gustavo-martinez-sobre-la-refuncionalizacion-de-la-plaza-25-de-mayo-es-un-proyecto-trascendental","status":"publish","type":"post","link":"https:\/\/portalmovil.com.ar\/index.php\/2022\/05\/08\/gustavo-martinez-sobre-la-refuncionalizacion-de-la-plaza-25-de-mayo-es-un-proyecto-trascendental\/","title":{"rendered":"Gustavo Mart\u00ednez sobre la refuncionalizaci\u00f3n de la plaza 25 de Mayo: \u00abEs un proyecto trascendental\u00bb"},"content":{"rendered":"\n<p>El Municipio de Resistencia sigue adelante con las obras de refuncionalizaci\u00f3n integral de la plaza 25 de Mayo y la creaci\u00f3n de una plataforma multiuso para transformarla. El intendente de Resistencia, Gustavo Mart\u00ednez, consider\u00f3 que \u00ab<strong>este proyecto en ejecuci\u00f3n es trascendental respecto al significado de la plaza central para los resistencianos como para la provincia en s\u00ed<\/strong>\u00ab. &nbsp;<\/p>\n\n\n\n<p>Detall\u00f3 que \u00abel inicio de la intervenci\u00f3n general, del espacio de m\u00e1s de 5 hect\u00e1reas, posee la complejidad de las caracter\u00edsticas naturales del pulm\u00f3n ambiental, basada en el cuidado de la arboleda existente y<strong>&nbsp;del suelo vegetal, lo que requiere un trabajo minucioso de recuperaci\u00f3n de la infraestructura sin da\u00f1ar el patrimonio natural<\/strong>\u00ab. Para cumplir con ese objetivo, mencion\u00f3 \u00abel rol clave que desempe\u00f1a el asesoramiento t\u00e9cnico de la Escuela de Jardiner\u00eda a la hora de la poda y la posterior sanaci\u00f3n de las especies arb\u00f3reas del lugar\u00bb. &nbsp;<\/p>\n\n\n\n<h2 class=\"wp-block-heading\">Detalles y finalizaci\u00f3n&nbsp;<\/h2>\n\n\n\n<p>En cuanto a la fecha estimada de habilitaci\u00f3n de las obras, que contemplan una inversi\u00f3n de $184 millones con fondos propios del Municipio, indic\u00f3 que&nbsp;<strong>ser\u00eda entre fines de octubre y principios de noviembre,<\/strong>&nbsp;siempre que las condiciones clim\u00e1ticas no interfieran con esos plazos.<\/p>\n\n\n\n<p>Mientras tanto, se\u00f1al\u00f3 que actualmente \u00abse lleva a cabo la demolici\u00f3n del 100% de las veredas antiguas&nbsp;<strong>con el trabajo en simult\u00e1neo de custodiar eventuales apariciones de ra\u00edces de \u00e1rboles para cuidar la arboleada existente<\/strong>&nbsp;y de verificar instalaciones subterr\u00e1neas en desuso\u00bb. &nbsp;<\/p>\n\n\n\n<p>Por otro lado, el intendente adelant\u00f3 que dentro de un mes comenzar\u00e1 el hormigonado de sendas peatonales y que adem\u00e1s \u00abel municipio de Resistencia lleva a cabo el control de la adquisici\u00f3n del equipamiento necesario por parte de la empresa que encara la obra, como ser la iluminaci\u00f3n totalmente nueva y los juegos infantiles que duplicar\u00e1n la superficie de ese entretenimiento con suelo cubierto de caucho antigolpes\u00bb. \u00ab<strong>Gracias a los tributos de los vecinos podemos invertir en un espacio donde todos los vecinos podremos utilizarlo<\/strong>. Estas obras comenzaron a mediados de febrero y desde entonces iniciamos los trabajos de base con el cuidado de la parte natural de la plaza\u00bb, enfatiz\u00f3.<\/p>\n\n\n\n<h2 class=\"wp-block-heading\">\u00abMayores expectativas respecto a las \u00faltimas intervenciones\u00bb<\/h2>\n\n\n\n<p>\u00abNos vamos a encontrar con una plaza totalmente nueva que nos generar\u00e1 mucho orgullo, que nos va a dar una identidad y que otorgar\u00e1 mayor dinamismo a factores relacionados al turismo y al comercio. Queremos que se disfrute y que no sea un lugar de paso\u00bb, resumi\u00f3 el titular de la Secretar\u00eda de Planificaci\u00f3n, Infraestructura y Ambiente, Guillermo Monz\u00f3n. &nbsp;<\/p>\n\n\n\n<p>Adem\u00e1s, de la transformaci\u00f3n planificada&nbsp;<strong>en cuanto a las instalaciones, las zonas peatonales y de estar y los sectores de entretenimiento,<\/strong>&nbsp;tambi\u00e9n se ejecutar\u00e1 un nuevo dise\u00f1o de p\u00e9rgolas reemplazando las existentes.<\/p>\n\n\n\n<p>En este sentido, se unificar\u00e1n los canteros ubicados en las veredas perimetrales y realizar\u00e1n una intervenci\u00f3n en el monumento al General Don Jos\u00e9 de San Mart\u00edn,<strong>&nbsp;Loba Romana y la casilla de Turismo. Otro trabajo ser\u00e1 la optimizaci\u00f3n de los n\u00facleos sanitarios<\/strong>&nbsp;y la construcci\u00f3n de oficinas para la Guardia Urbana y la Direcci\u00f3n de Paseos y Jardines.<\/p>\n","protected":false},"excerpt":{"rendered":"<p>El Municipio de Resistencia sigue adelante con las obras de refuncionalizaci\u00f3n integral de la plaza 25 de Mayo y la creaci\u00f3n de una plataforma multiuso para transformarla. El intendente de Resistencia, Gustavo Mart\u00ednez, consider\u00f3 que \u00abeste proyecto en ejecuci\u00f3n es trascendental respecto al significado de la plaza central para los resistencianos como para la provincia &hellip;<\/p>\n","protected":false},"author":2,"featured_media":56027,"comment_status":"open","ping_status":"open","sticky":false,"template":"","format":"standard","meta":{"_jetpack_memberships_contains_paid_content":false,"footnotes":"","jetpack_publicize_message":"","jetpack_publicize_feature_enabled":true,"jetpack_social_post_already_shared":true,"jetpack_social_options":{"image_generator_settings":{"template":"highway","default_image_id":0,"font":"","enabled":false},"version":2}},"categories":[14,37],"tags":[],"class_list":["post-56026","post","type-post","status-publish","format-standard","has-post-thumbnail","hentry","category-politica","category-resistencia"],"jetpack_publicize_connections":[],"jetpack_featured_media_url":"https:\/\/portalmovil.com.ar\/wp-content\/uploads\/2022\/05\/219410w850h580c.jpg","jetpack_sharing_enabled":true,"amp_enabled":true,"_links":{"self":[{"href":"https:\/\/portalmovil.com.ar\/index.php\/wp-json\/wp\/v2\/posts\/56026","targetHints":{"allow":["GET"]}}],"collection":[{"href":"https:\/\/portalmovil.com.ar\/index.php\/wp-json\/wp\/v2\/posts"}],"about":[{"href":"https:\/\/portalmovil.com.ar\/index.php\/wp-json\/wp\/v2\/types\/post"}],"author":[{"embeddable":true,"href":"https:\/\/portalmovil.com.ar\/index.php\/wp-json\/wp\/v2\/users\/2"}],"replies":[{"embeddable":true,"href":"https:\/\/portalmovil.com.ar\/index.php\/wp-json\/wp\/v2\/comments?post=56026"}],"version-history":[{"count":1,"href":"https:\/\/portalmovil.com.ar\/index.php\/wp-json\/wp\/v2\/posts\/56026\/revisions"}],"predecessor-version":[{"id":56028,"href":"https:\/\/portalmovil.com.ar\/index.php\/wp-json\/wp\/v2\/posts\/56026\/revisions\/56028"}],"wp:featuredmedia":[{"embeddable":true,"href":"https:\/\/portalmovil.com.ar\/index.php\/wp-json\/wp\/v2\/media\/56027"}],"wp:attachment":[{"href":"https:\/\/portalmovil.com.ar\/index.php\/wp-json\/wp\/v2\/media?parent=56026"}],"wp:term":[{"taxonomy":"category","embeddable":true,"href":"https:\/\/portalmovil.com.ar\/index.php\/wp-json\/wp\/v2\/categories?post=56026"},{"taxonomy":"post_tag","embeddable":true,"href":"https:\/\/portalmovil.com.ar\/index.php\/wp-json\/wp\/v2\/tags?post=56026"}],"curies":[{"name":"wp","href":"https:\/\/api.w.org\/{rel}","templated":true}]}}