{"id":55819,"date":"2022-05-04T09:36:26","date_gmt":"2022-05-04T12:36:26","guid":{"rendered":"https:\/\/portalmovil.com.ar\/?p=55819"},"modified":"2022-05-04T09:36:31","modified_gmt":"2022-05-04T12:36:31","slug":"desagues-en-la-zona-sur-nivelan-cruces-de-calles-y-accesos-domiciliarios","status":"publish","type":"post","link":"https:\/\/portalmovil.com.ar\/index.php\/2022\/05\/04\/desagues-en-la-zona-sur-nivelan-cruces-de-calles-y-accesos-domiciliarios\/","title":{"rendered":"Desag\u00fces en la zona sur: nivelan cruces de calles y accesos domiciliarios"},"content":{"rendered":"\n<p>La&nbsp;<strong>Municipalidad de Resistencia<\/strong>&nbsp;contin\u00faa en la&nbsp;<strong>zona sur<\/strong>&nbsp;con un proceso de&nbsp;<strong>refuncionalizaci\u00f3n de desag\u00fces<\/strong>&nbsp;priorizando y, en esta oportunidad, con la&nbsp;nivelaci\u00f3n de diversos cruces de calles y cruces domiciliarios.<\/p>\n\n\n\n<p>El operativo se llev\u00f3 a cabo en&nbsp;el \u00e1rea comprendida desde calle Seitor, entre Ingeniero Schur (calle 15) y avenida Urquiza (calle 16) hacia toda la Chacra 203, que comprende el per\u00edmetro entre las avenidas Edison, Chaco, Castelli y Urquiza.<\/p>\n\n\n\n<p>De esta manera, trabajadores municipales&nbsp;<strong>reemplazaron tubos de desag\u00fces<\/strong>&nbsp;colocados en&nbsp;<strong>esquinas<\/strong>&nbsp;y en los&nbsp;<strong>accesos a viviendas<\/strong>&nbsp;para garantizar el normal escurrimiento de los l\u00edquidos pluviales de las cunetas hacia el conducto subterr\u00e1neo existente sobre avenida Urquiza y que deriva hacia el canal de Soberan\u00eda Nacional.<\/p>\n\n\n\n<p>Dicho trabajo&nbsp;abarca los barrios Villa Ministro Rawson, Villa Elisa y 13 de Diciembre, lo que&nbsp;<strong>demandar\u00e1 aproximadamente un mes de intervenciones que se complementan con tareas de zanjeo y dem\u00e1s acciones de mantenimiento<\/strong>, como ser la limpieza de c\u00e1maras y bocas de tormenta.<\/p>\n\n\n\n<p>En la zona estuvo presente el secretario de Servicios P\u00fablicos,&nbsp;<strong>Claudio Westtein<\/strong>, quien detall\u00f3 que la planificaci\u00f3n realizada por la gesti\u00f3n de<strong>&nbsp;Gustavo Mart\u00ednez<\/strong>&nbsp;detect\u00f3 la existencia de variados sectores con desniveles en los cruces de calles y domiciliarios, lo que afectaba el normal funcionamiento de los conductos barriales de desag\u00fces a cielo abierto.<\/p>\n\n\n\n<p>\u00abEs muy importante hacer esto para que el trabajo d\u00e9 sus frutos. En lo que va del a\u00f1o no tuvimos mayores inconvenientes y esto habla de un trabajo profesional de todos los operarios municipales y de una planificaci\u00f3n que permite que los desag\u00fces est\u00e9n en condiciones\u00bb, resumi\u00f3 y reiter\u00f3 su pedido de colaboraci\u00f3n a los vecinos y vecinas para que&nbsp;<strong>no se arrojen residuos a las zanjas porque \u00abhasta encontramos sillas tiradas en los desag\u00fces<\/strong>\u00ab.&nbsp;<\/p>\n\n\n\n<p>El director general del \u00e1rea de Desag\u00fces,&nbsp;<strong>Miguel Gim\u00e9nez<\/strong>, mencion\u00f3 que hallaron numerosos tubos de desag\u00fces deteriorados y destac\u00f3 la colocaci\u00f3n de nuevos tubos en cruces de calles y accesos domiciliarios para \u00ablograr el normal escurrimiento del agua hacia el canal de la avenida Urquiza, lo que responde a una planificaci\u00f3n que tambi\u00e9n ejecutamos en la Chacra 200. Lo m\u00e1s importante es la nivelaci\u00f3n. Si no lo hacemos, los desag\u00fces no funcionan\u00bb.<\/p>\n","protected":false},"excerpt":{"rendered":"<p>La&nbsp;Municipalidad de Resistencia&nbsp;contin\u00faa en la&nbsp;zona sur&nbsp;con un proceso de&nbsp;refuncionalizaci\u00f3n de desag\u00fces&nbsp;priorizando y, en esta oportunidad, con la&nbsp;nivelaci\u00f3n de diversos cruces de calles y cruces domiciliarios. El operativo se llev\u00f3 a cabo en&nbsp;el \u00e1rea comprendida desde calle Seitor, entre Ingeniero Schur (calle 15) y avenida Urquiza (calle 16) hacia toda la Chacra 203, que comprende el &hellip;<\/p>\n","protected":false},"author":2,"featured_media":55820,"comment_status":"open","ping_status":"open","sticky":false,"template":"","format":"standard","meta":{"_jetpack_memberships_contains_paid_content":false,"footnotes":"","jetpack_publicize_message":"","jetpack_publicize_feature_enabled":true,"jetpack_social_post_already_shared":true,"jetpack_social_options":{"image_generator_settings":{"template":"highway","default_image_id":0,"font":"","enabled":false},"version":2}},"categories":[28,37],"tags":[],"class_list":["post-55819","post","type-post","status-publish","format-standard","has-post-thumbnail","hentry","category-actualidad","category-resistencia"],"jetpack_publicize_connections":[],"jetpack_featured_media_url":"https:\/\/portalmovil.com.ar\/wp-content\/uploads\/2022\/05\/535630w850h580c.jpg","jetpack_sharing_enabled":true,"amp_enabled":true,"_links":{"self":[{"href":"https:\/\/portalmovil.com.ar\/index.php\/wp-json\/wp\/v2\/posts\/55819","targetHints":{"allow":["GET"]}}],"collection":[{"href":"https:\/\/portalmovil.com.ar\/index.php\/wp-json\/wp\/v2\/posts"}],"about":[{"href":"https:\/\/portalmovil.com.ar\/index.php\/wp-json\/wp\/v2\/types\/post"}],"author":[{"embeddable":true,"href":"https:\/\/portalmovil.com.ar\/index.php\/wp-json\/wp\/v2\/users\/2"}],"replies":[{"embeddable":true,"href":"https:\/\/portalmovil.com.ar\/index.php\/wp-json\/wp\/v2\/comments?post=55819"}],"version-history":[{"count":1,"href":"https:\/\/portalmovil.com.ar\/index.php\/wp-json\/wp\/v2\/posts\/55819\/revisions"}],"predecessor-version":[{"id":55821,"href":"https:\/\/portalmovil.com.ar\/index.php\/wp-json\/wp\/v2\/posts\/55819\/revisions\/55821"}],"wp:featuredmedia":[{"embeddable":true,"href":"https:\/\/portalmovil.com.ar\/index.php\/wp-json\/wp\/v2\/media\/55820"}],"wp:attachment":[{"href":"https:\/\/portalmovil.com.ar\/index.php\/wp-json\/wp\/v2\/media?parent=55819"}],"wp:term":[{"taxonomy":"category","embeddable":true,"href":"https:\/\/portalmovil.com.ar\/index.php\/wp-json\/wp\/v2\/categories?post=55819"},{"taxonomy":"post_tag","embeddable":true,"href":"https:\/\/portalmovil.com.ar\/index.php\/wp-json\/wp\/v2\/tags?post=55819"}],"curies":[{"name":"wp","href":"https:\/\/api.w.org\/{rel}","templated":true}]}}