{"id":55815,"date":"2022-05-04T09:19:06","date_gmt":"2022-05-04T12:19:06","guid":{"rendered":"https:\/\/portalmovil.com.ar\/?p=55815"},"modified":"2022-05-04T09:19:09","modified_gmt":"2022-05-04T12:19:09","slug":"mauricio-macri-volvio-a-pedir-permiso-para-salir-del-pais","status":"publish","type":"post","link":"https:\/\/portalmovil.com.ar\/index.php\/2022\/05\/04\/mauricio-macri-volvio-a-pedir-permiso-para-salir-del-pais\/","title":{"rendered":"Mauricio Macri volvi\u00f3 a pedir permiso para salir del pa\u00eds"},"content":{"rendered":"\n<p>Mauricio Macri volvi\u00f3 a pedir autorizaci\u00f3n en la Justicia para salir del pa\u00eds, en otro requerimiento que se produce mientras se investiga el presunto espionaje ilegal a los familiares de las v\u00edctimas del submarino ARA San Juan. Esta vez lo hizo junto con su amigo y extitular de la Agencia Federal de Inteligencia (AFI), Gustavo Arribas.<\/p>\n\n\n\n<p>El exmandatario tiene previsto viajar entre el 10 y el 15 de mayo, mientras que Arribas pidi\u00f3 permiso para salir del pa\u00eds desde el 12 de mayo hasta el 19 de junio, mientras el pedido lo recibi\u00f3 el juez federal Juli\u00e1n Ercoloni.<\/p>\n\n\n\n<p>En su escrito, Arribas detall\u00f3 que estar\u00e1 en Uruguay, Brasil y eventualmente Emiratos Arabes. Mientras que Macri omiti\u00f3 el detalle sobre el pa\u00eds al que se dirigir\u00e1 en esos d\u00edas.<\/p>\n\n\n\n<p>\u201cAsumimos el compromiso de informar el regreso de mi asistido, a trav\u00e9s de un escrito firmado por \u00e9l, dentro de las 48 horas h\u00e1biles de concretado su regreso\u201d, sostuvo el abogado Pablo Lanusse en la presentaci\u00f3n judicial.<\/p>\n\n\n\n<p>En tanto, Arribas explic\u00f3: \u201cEl viaje obedece a mi prop\u00f3sito de mantener los v\u00ednculos familiares -con mi mujer y mi hija, quienes residen en Brasil y con mis restantes hijos, quienes viven en Uruguay-, como as\u00ed tambi\u00e9n a la necesidad de gestionar la actividad comercial que desarrollo en territorio brasile\u00f1o, conforme lo ya expuesto y acreditado en escritos anteriores\u201d.<\/p>\n\n\n\n<p>Repudio<\/p>\n\n\n\n<p>Por su parte, la abogada Valeria Carreras, representante de la querella de la mayor\u00eda de los familiares de tripulantes del ARA San Juan, sostuvo que \u201cno pueden seguir autoriz\u00e1ndose viajes sin verificar la procedencia de los documentos y destinos\u201d.<\/p>\n\n\n\n<p>\u201cNos vamos a oponer en ambos casos a las autorizaciones fundadamente en el caso de Macri porque no ha probado arraigo laboral y en el caso de Arribas por perder control jurisdiccional\u201d.<\/p>\n","protected":false},"excerpt":{"rendered":"<p>Mauricio Macri volvi\u00f3 a pedir autorizaci\u00f3n en la Justicia para salir del pa\u00eds, en otro requerimiento que se produce mientras se investiga el presunto espionaje ilegal a los familiares de las v\u00edctimas del submarino ARA San Juan. Esta vez lo hizo junto con su amigo y extitular de la Agencia Federal de Inteligencia (AFI), Gustavo &hellip;<\/p>\n","protected":false},"author":2,"featured_media":43758,"comment_status":"open","ping_status":"open","sticky":false,"template":"","format":"standard","meta":{"_jetpack_memberships_contains_paid_content":false,"footnotes":"","jetpack_publicize_message":"","jetpack_publicize_feature_enabled":true,"jetpack_social_post_already_shared":true,"jetpack_social_options":{"image_generator_settings":{"template":"highway","default_image_id":0,"font":"","enabled":false},"version":2}},"categories":[639,14],"tags":[],"class_list":["post-55815","post","type-post","status-publish","format-standard","has-post-thumbnail","hentry","category-argentina","category-politica"],"jetpack_publicize_connections":[],"jetpack_featured_media_url":"https:\/\/portalmovil.com.ar\/wp-content\/uploads\/2021\/11\/Macri-Dolores.webp","jetpack_sharing_enabled":true,"amp_enabled":true,"_links":{"self":[{"href":"https:\/\/portalmovil.com.ar\/index.php\/wp-json\/wp\/v2\/posts\/55815","targetHints":{"allow":["GET"]}}],"collection":[{"href":"https:\/\/portalmovil.com.ar\/index.php\/wp-json\/wp\/v2\/posts"}],"about":[{"href":"https:\/\/portalmovil.com.ar\/index.php\/wp-json\/wp\/v2\/types\/post"}],"author":[{"embeddable":true,"href":"https:\/\/portalmovil.com.ar\/index.php\/wp-json\/wp\/v2\/users\/2"}],"replies":[{"embeddable":true,"href":"https:\/\/portalmovil.com.ar\/index.php\/wp-json\/wp\/v2\/comments?post=55815"}],"version-history":[{"count":1,"href":"https:\/\/portalmovil.com.ar\/index.php\/wp-json\/wp\/v2\/posts\/55815\/revisions"}],"predecessor-version":[{"id":55816,"href":"https:\/\/portalmovil.com.ar\/index.php\/wp-json\/wp\/v2\/posts\/55815\/revisions\/55816"}],"wp:featuredmedia":[{"embeddable":true,"href":"https:\/\/portalmovil.com.ar\/index.php\/wp-json\/wp\/v2\/media\/43758"}],"wp:attachment":[{"href":"https:\/\/portalmovil.com.ar\/index.php\/wp-json\/wp\/v2\/media?parent=55815"}],"wp:term":[{"taxonomy":"category","embeddable":true,"href":"https:\/\/portalmovil.com.ar\/index.php\/wp-json\/wp\/v2\/categories?post=55815"},{"taxonomy":"post_tag","embeddable":true,"href":"https:\/\/portalmovil.com.ar\/index.php\/wp-json\/wp\/v2\/tags?post=55815"}],"curies":[{"name":"wp","href":"https:\/\/api.w.org\/{rel}","templated":true}]}}