{"id":55699,"date":"2022-04-30T21:44:07","date_gmt":"2022-05-01T00:44:07","guid":{"rendered":"https:\/\/portalmovil.com.ar\/?p=55699"},"modified":"2022-04-30T21:44:11","modified_gmt":"2022-05-01T00:44:11","slug":"victor-rea-anuncio-un-bono-especial-para-las-y-los-trabajadores-municipales","status":"publish","type":"post","link":"https:\/\/portalmovil.com.ar\/index.php\/2022\/04\/30\/victor-rea-anuncio-un-bono-especial-para-las-y-los-trabajadores-municipales\/","title":{"rendered":"V\u00edctor Rea anunci\u00f3 un \u201cbono especial\u201d para las y los trabajadores municipales"},"content":{"rendered":"\n<p>Esta medida incluye al personal de planta permanente\u00a0 como tambi\u00e9n los contratados. Asimismo, se confirm\u00f3 un incremento del 15% para el personal jornalizado.<\/p>\n\n\n\n<p>En el marco del D\u00eda del Trabajador, a conmemorarse el 1 de mayo, en las \u00faltimas horas el intendente de Puerto Vilelas V\u00edctor Rea anunci\u00f3 la entrega de un \u201cbono especial\u201d para las y los trabajadores municipales de planta permanente y contratados. Asimismo, se confirm\u00f3 un incremento salarial del 15% para el personal jornalizado.<\/p>\n\n\n\n<p>\u201cComo no pod\u00eda ser de otra manera, nuestros trabajadores y trabajadoras merecen un reconocimiento por su labor diaria que permite tener una localidad ordenada y en pleno crecimiento y desarrollo\u201d, manifest\u00f3 el jefe comunal V\u00edctor Rea.<\/p>\n\n\n\n<p>\u201cPremiamos a nuestro personal por trabajar diariamente y en todo momento por nuestra localidad, ellos y ellas son el pilar del municipio y nada ser\u00eda posible sin sus grandes aportes que realizan\u201d, finaliz\u00f3 V\u00edctor Rea.<\/p>\n","protected":false},"excerpt":{"rendered":"<p>Esta medida incluye al personal de planta permanente\u00a0 como tambi\u00e9n los contratados. Asimismo, se confirm\u00f3 un incremento del 15% para el personal jornalizado. En el marco del D\u00eda del Trabajador, a conmemorarse el 1 de mayo, en las \u00faltimas horas el intendente de Puerto Vilelas V\u00edctor Rea anunci\u00f3 la entrega de un \u201cbono especial\u201d para &hellip;<\/p>\n","protected":false},"author":2,"featured_media":55700,"comment_status":"open","ping_status":"open","sticky":false,"template":"","format":"standard","meta":{"_jetpack_memberships_contains_paid_content":false,"footnotes":"","jetpack_publicize_message":"","jetpack_publicize_feature_enabled":true,"jetpack_social_post_already_shared":true,"jetpack_social_options":{"image_generator_settings":{"template":"highway","default_image_id":0,"font":"","enabled":false},"version":2}},"categories":[28,5],"tags":[],"class_list":["post-55699","post","type-post","status-publish","format-standard","has-post-thumbnail","hentry","category-actualidad","category-chaco"],"jetpack_publicize_connections":[],"jetpack_featured_media_url":"https:\/\/portalmovil.com.ar\/wp-content\/uploads\/2022\/04\/VICTOR-REA-BONO.jpg","jetpack_sharing_enabled":true,"amp_enabled":true,"_links":{"self":[{"href":"https:\/\/portalmovil.com.ar\/index.php\/wp-json\/wp\/v2\/posts\/55699","targetHints":{"allow":["GET"]}}],"collection":[{"href":"https:\/\/portalmovil.com.ar\/index.php\/wp-json\/wp\/v2\/posts"}],"about":[{"href":"https:\/\/portalmovil.com.ar\/index.php\/wp-json\/wp\/v2\/types\/post"}],"author":[{"embeddable":true,"href":"https:\/\/portalmovil.com.ar\/index.php\/wp-json\/wp\/v2\/users\/2"}],"replies":[{"embeddable":true,"href":"https:\/\/portalmovil.com.ar\/index.php\/wp-json\/wp\/v2\/comments?post=55699"}],"version-history":[{"count":1,"href":"https:\/\/portalmovil.com.ar\/index.php\/wp-json\/wp\/v2\/posts\/55699\/revisions"}],"predecessor-version":[{"id":55701,"href":"https:\/\/portalmovil.com.ar\/index.php\/wp-json\/wp\/v2\/posts\/55699\/revisions\/55701"}],"wp:featuredmedia":[{"embeddable":true,"href":"https:\/\/portalmovil.com.ar\/index.php\/wp-json\/wp\/v2\/media\/55700"}],"wp:attachment":[{"href":"https:\/\/portalmovil.com.ar\/index.php\/wp-json\/wp\/v2\/media?parent=55699"}],"wp:term":[{"taxonomy":"category","embeddable":true,"href":"https:\/\/portalmovil.com.ar\/index.php\/wp-json\/wp\/v2\/categories?post=55699"},{"taxonomy":"post_tag","embeddable":true,"href":"https:\/\/portalmovil.com.ar\/index.php\/wp-json\/wp\/v2\/tags?post=55699"}],"curies":[{"name":"wp","href":"https:\/\/api.w.org\/{rel}","templated":true}]}}