{"id":55586,"date":"2022-04-28T18:33:54","date_gmt":"2022-04-28T21:33:54","guid":{"rendered":"https:\/\/portalmovil.com.ar\/?p=55586"},"modified":"2022-04-28T18:33:58","modified_gmt":"2022-04-28T21:33:58","slug":"covid-19-cronograma-de-vacunacion-para-este-viernes-29","status":"publish","type":"post","link":"https:\/\/portalmovil.com.ar\/index.php\/2022\/04\/28\/covid-19-cronograma-de-vacunacion-para-este-viernes-29\/","title":{"rendered":"COVID-19: cronograma de vacunaci\u00f3n para este viernes 29"},"content":{"rendered":"\n<p>En el marco de las acciones desplegadas para minimizar los efectos de la pandemia de COVID-19, y en la continuidad de la hist\u00f3rica campa\u00f1a de inmunizaci\u00f3n que se realiza en toda la provincia, el Ministerio de Salud dispuso el funcionamiento de vacunatorios fijos en toda el \u00e1rea metropolitana este viernes 29 de abril.&nbsp;En funci\u00f3n de la evoluci\u00f3n favorable de los indicadores que monitorean el devenir de la enfermedad en la provincia, y siguiendo los lineamientos establecidos por el Consejo Federal de Salud, la cartera sanitaria provincial resolvi\u00f3 dejar de emitir el reporte epidemiol\u00f3gico cada 24 horas y, a partir de esta semana, lo har\u00e1 todos los lunes.<\/p>\n\n\n\n<p><strong>Primera y Segunda dosis<\/strong>&nbsp;de Vacunas Covid-19, a partir de los 3 a\u00f1os de edad, con lineamiento establecido para cada vacuna seg\u00fan la edad. Tambi\u00e9n hay disponibilidad de vacunas Doble Viral- Varicela.<\/p>\n\n\n\n<p><strong>Dosis adicional<\/strong>&nbsp;para pacientes inmunocomprometidos desde los 3 a\u00f1os, con esquema primario de 2 dosis completo.<\/p>\n\n\n\n<p>-Personas de 50 a\u00f1os o m\u00e1s con esquema de dos dosis de Sinopharm.<\/p>\n\n\n\n<p><strong>Primer refuerzo para personas desde los 12 a\u00f1os inmunosuprimidos<\/strong>&nbsp; que hayan cumplido 4 meses del esquema primario (1 dosis- 2 dosis- adicional)<\/p>\n\n\n\n<p><strong>Primer refuerzo para desde los 12 a\u00f1os en general<\/strong>&nbsp; que hayan cumplido 4 meses de su esquema primario.<\/p>\n\n\n\n<p><em>Concurrir con carnet y DNI<\/em><\/p>\n\n\n\n<p><strong>Resistencia<\/strong>: Escuela de polic\u00eda, de 7 a 13; Escuela de salud P\u00fablica, de 8 a 13; Hospital Perrando, de 6:30 a 17; Hospital Pedi\u00e1trico, de 7 a 18.<\/p>\n\n\n\n<p><strong>Barranqueras<\/strong>: Hospital Eva per\u00f3n, de 8 a 20; Centro cultural la flota, de 8 a 14:30.<\/p>\n\n\n\n<p><strong>Vilelas<\/strong>: Centro de Salud Finochietto, 7 a 19.<\/p>\n\n\n\n<p><strong>Fontana<\/strong>: Hospital Luis Fleitas, de 7:30 a 20.<\/p>\n\n\n\n<p><em>Todos los centros vacunatorios p\u00fablicos y privados.<\/em><\/p>\n\n\n\n<figure class=\"wp-block-image\"><img decoding=\"async\" src=\"http:\/\/agenciafoco.com.ar\/media\/cache\/quality\/uploads\/noticias\/626aebe790f24537101631.jpeg\" alt=\"\"\/><\/figure>\n\n\n\n<p><strong>Vacunaci\u00f3n pedi\u00e1trica<\/strong>&nbsp;contra COVID-19<\/p>\n\n\n\n<p>Sinopharm 1 dosis y 2 dosis para ni\u00f1os de 3 a 11 a\u00f1os de edad; y Pfizer 1 dosis y 2 dosis para ni\u00f1os de 5 a 11 a\u00f1os.<\/p>\n\n\n\n<p><strong>Resistencia<\/strong>: Escuela de polic\u00eda, de 7 a 13; Escuela de salud P\u00fablica, de 8 a 13; Hospital Perrando, de 6:30 a 17; Hospital Pedi\u00e1trico, de 7 a 18.<\/p>\n\n\n\n<p><strong>Barranqueras<\/strong>: Hospital Eva per\u00f3n, de 8 a 20; Centro cultural la flota, de 8 a 14:30.<\/p>\n\n\n\n<p><strong>Vilelas<\/strong>: Centro de Salud Finochietto, 7 a 19.<\/p>\n\n\n\n<p><strong>Fontana<\/strong>: Hospital Luis Fleitas, de 7:30 a 20.<\/p>\n\n\n\n<p><em>Todos los centros vacunatorios p\u00fablicos y privados.<\/em><\/p>\n\n\n\n<figure class=\"wp-block-image\"><img decoding=\"async\" src=\"http:\/\/agenciafoco.com.ar\/media\/cache\/quality\/uploads\/noticias\/626aebe7915dc533363142.jpeg\" alt=\"\"\/><\/figure>\n\n\n\n<p><strong>Primer refuerzo:<\/strong>&nbsp;para personas que hayan cumplido un intervalo de 4 meses de su ultima aplicaci\u00f3n son: -mayores de 18 a\u00f1os que tengan esquema primario completo<\/p>\n\n\n\n<p>-Personas inmunocompometidas que tengan esquema primario completo y su dosis adicional<\/p>\n\n\n\n<p>-Personas mayores de 50 a\u00f1os que tengan esquema primario completo de vacuna Sinopharm y su dosis adicional.<\/p>\n\n\n\n<p><strong>Segundo refuerzo<\/strong>&nbsp;para personas que cumplieron intervalo de 4 meses de su primer refuerzo: -Personal de salud<\/p>\n\n\n\n<p>-Mayor de 50 a\u00f1os en general<\/p>\n\n\n\n<p>-Personas de 12 a\u00f1os o m\u00e1s inmunocomprometidos.<\/p>\n\n\n\n<p>Dentro de esta poblaci\u00f3n, las personas Covid-19 positivo deben esperar 90 d\u00edas para recibir el segundo refuerzo<\/p>\n\n\n\n<p><strong>Resistencia<\/strong>: Escuela de polic\u00eda, de 7 a 13; Escuela de salud P\u00fablica, de 8 a 13; Hospital Perrando, de 6:30 a 17; Hospital Pedi\u00e1trico, de 7 a 18.<\/p>\n\n\n\n<p><strong>Barranqueras<\/strong>: Hospital Eva per\u00f3n, de 8 a 20; Centro cultural la flota, de 8 a 14:30.<\/p>\n\n\n\n<p><strong>Vilelas<\/strong>: Centro de Salud Finochietto, 7 a 19.<\/p>\n\n\n\n<p><strong>Fontana<\/strong>: Hospital Luis Fleitas, de 7:30 a 20.<\/p>\n\n\n\n<p><em>Todos los centros vacunatorios p\u00fablicos y privados.<\/em><\/p>\n\n\n\n<figure class=\"wp-block-image\"><img decoding=\"async\" src=\"http:\/\/agenciafoco.com.ar\/media\/cache\/quality\/uploads\/noticias\/626aebe791b8a882576141.jpeg\" alt=\"\"\/><\/figure>\n\n\n\n<h3 class=\"wp-block-heading\">Diagn\u00f3sticos<\/h3>\n\n\n\n<p>Ante la disminuci\u00f3n de la demanda y la mejor\u00eda en los indicadores epidemiol\u00f3gicos, desde el lunes 7 de febrero solo funciona durante las 24 horas el Centro de Diagn\u00f3stico de Covid-19 del Consultorio de Febriles del hospital Perrando (avenida Nicol\u00e1s Rojas Acosta 245).<\/p>\n\n\n\n<figure class=\"wp-block-image\"><img decoding=\"async\" src=\"http:\/\/agenciafoco.com.ar\/media\/cache\/quality\/uploads\/noticias\/626aebe792199800652411.jpeg\" alt=\"\"\/><\/figure>\n","protected":false},"excerpt":{"rendered":"<p>En el marco de las acciones desplegadas para minimizar los efectos de la pandemia de COVID-19, y en la continuidad de la hist\u00f3rica campa\u00f1a de inmunizaci\u00f3n que se realiza en toda la provincia, el Ministerio de Salud dispuso el funcionamiento de vacunatorios fijos en toda el \u00e1rea metropolitana este viernes 29 de abril.&nbsp;En funci\u00f3n de &hellip;<\/p>\n","protected":false},"author":2,"featured_media":46078,"comment_status":"open","ping_status":"open","sticky":false,"template":"","format":"standard","meta":{"_jetpack_memberships_contains_paid_content":false,"footnotes":"","jetpack_publicize_message":"","jetpack_publicize_feature_enabled":true,"jetpack_social_post_already_shared":true,"jetpack_social_options":{"image_generator_settings":{"template":"highway","default_image_id":0,"font":"","enabled":false},"version":2}},"categories":[5,46],"tags":[],"class_list":["post-55586","post","type-post","status-publish","format-standard","has-post-thumbnail","hentry","category-chaco","category-salud"],"jetpack_publicize_connections":[],"jetpack_featured_media_url":"https:\/\/portalmovil.com.ar\/wp-content\/uploads\/2021\/12\/Vacunacion-MayoresAdultosRcia-696x499-1.jpg","jetpack_sharing_enabled":true,"amp_enabled":true,"_links":{"self":[{"href":"https:\/\/portalmovil.com.ar\/index.php\/wp-json\/wp\/v2\/posts\/55586","targetHints":{"allow":["GET"]}}],"collection":[{"href":"https:\/\/portalmovil.com.ar\/index.php\/wp-json\/wp\/v2\/posts"}],"about":[{"href":"https:\/\/portalmovil.com.ar\/index.php\/wp-json\/wp\/v2\/types\/post"}],"author":[{"embeddable":true,"href":"https:\/\/portalmovil.com.ar\/index.php\/wp-json\/wp\/v2\/users\/2"}],"replies":[{"embeddable":true,"href":"https:\/\/portalmovil.com.ar\/index.php\/wp-json\/wp\/v2\/comments?post=55586"}],"version-history":[{"count":1,"href":"https:\/\/portalmovil.com.ar\/index.php\/wp-json\/wp\/v2\/posts\/55586\/revisions"}],"predecessor-version":[{"id":55587,"href":"https:\/\/portalmovil.com.ar\/index.php\/wp-json\/wp\/v2\/posts\/55586\/revisions\/55587"}],"wp:featuredmedia":[{"embeddable":true,"href":"https:\/\/portalmovil.com.ar\/index.php\/wp-json\/wp\/v2\/media\/46078"}],"wp:attachment":[{"href":"https:\/\/portalmovil.com.ar\/index.php\/wp-json\/wp\/v2\/media?parent=55586"}],"wp:term":[{"taxonomy":"category","embeddable":true,"href":"https:\/\/portalmovil.com.ar\/index.php\/wp-json\/wp\/v2\/categories?post=55586"},{"taxonomy":"post_tag","embeddable":true,"href":"https:\/\/portalmovil.com.ar\/index.php\/wp-json\/wp\/v2\/tags?post=55586"}],"curies":[{"name":"wp","href":"https:\/\/api.w.org\/{rel}","templated":true}]}}