{"id":55566,"date":"2022-04-28T17:22:51","date_gmt":"2022-04-28T20:22:51","guid":{"rendered":"https:\/\/portalmovil.com.ar\/?p=55566"},"modified":"2022-04-28T17:22:53","modified_gmt":"2022-04-28T20:22:53","slug":"entregaron-netbooks-para-estudiantes-del-barrio-san-pedro-pescador","status":"publish","type":"post","link":"https:\/\/portalmovil.com.ar\/index.php\/2022\/04\/28\/entregaron-netbooks-para-estudiantes-del-barrio-san-pedro-pescador\/","title":{"rendered":"Entregaron netbooks para estudiantes del barrio San Pedro Pescador"},"content":{"rendered":"\n<p>El gobernador Jorge Capitanich recibi\u00f3 este jueves al ministro de Educaci\u00f3n de la Naci\u00f3n, Jaime Perczyk, junto a quien entreg\u00f3 64 notebooks del programa Conectar Igualdad para chicos y chicas de la escuela secundaria 107 \u201cOrillas del Paran\u00e1\u201d, del barrio San Pedro Pescador.&nbsp;<\/p>\n\n\n\n<p>Ah\u00ed Capitanich reconoci\u00f3 que \u00abno alcanza hoy con la infraestructura y el mobiliario en las instituciones\u00bb, sino que \u00abtambi\u00e9n es necesaria la conectividad en las escuelas y que los alumnos y alumnas tengan su computadora para garantizar el derecho\u00bb. De hecho, el Gobierno provincial proyecta equipar 400 instituciones educativas con aulas digitales que incluyen computadoras, impresoras 3D y proyectores.<\/p>\n\n\n\n<p>\u00abNecesitamos llegar a todos y cada uno de los establecimientos educativos rurales y urbanos con la garant\u00eda del derecho a la educaci\u00f3n\u00bb, sostuvo el gobernador, que puso adem\u00e1s en valor el hecho de que esta entrega est\u00e9 destinada a estudiantes de San Pedro Pescador.<\/p>\n\n\n\n<p>\u00abEn este barrio integrado por muchas familias de pescadores que sufrieron la peor ca\u00edda en materia de volumen h\u00eddrico del r\u00edo Paran\u00e1, tener hoy la oportunidad de garantizar el derecho a la educaci\u00f3n con computadoras que lleguen a todos y todas, es absolutamente un hecho de trascendencia. Esto que estamos haciendo aqu\u00ed es parte de una reivindicaci\u00f3n hist\u00f3rica\u00bb, resalt\u00f3 Capitanich, tambi\u00e9n por la vicegobernadora Anal\u00eda Rach Quiroga y el ministro de Educaci\u00f3n Aldo Lineras.<\/p>\n\n\n\n<p>Hace poco, Conectar Igualdad cumpli\u00f3 12 a\u00f1os, aunque durante la gesti\u00f3n de Mauricio Macri se interrumpi\u00f3 y se dej\u00f3 sin financiamiento. El Gobierno de Alberto Fern\u00e1ndez y Cristina Fern\u00e1ndez, en cambio, lo restituy\u00f3 y formaliz\u00f3 el compromiso de llegar a las 10.000 netbooks entregadas en el Chaco durante este 2022, y completar un esquema de 50.000 hacia el 2023.<\/p>\n\n\n\n<p>\u00abEstas netbooks son un derecho para cada estudiante, y tenemos que exigirnos m\u00e1s para que nuestros chicos y nuestras chicas aprendan m\u00e1s y mejor\u201d, expres\u00f3 por su parte Jaime Perczyk.<\/p>\n\n\n\n<p>\u00abCada computadora tiene el nombre y apellido de cada uno y cada una, no se las regala nadie, son de ustedes. Tambi\u00e9n tienen la responsabilidad de usarla bien, estudiar, hacer la tarea\u00bb, les dijo el ministro de la Naci\u00f3n a las chicas y chicos presentes.<\/p>\n\n\n\n<p><strong>Garantizar la conectividad<\/strong><\/p>\n\n\n\n<p>El ministro Aldo Lineras, en tanto, consider\u00f3 que ahora \u00abel siguiente compromiso es garantizar que la conectividad funcione bien en la escuela, para tener adem\u00e1s de un buen edificio, aulas en condiciones\u00bb. \u00abTenemos que tener el mismo nivel de calidad educativa en todo el pa\u00eds, por ello trabajamos con compromiso para que lo que se ense\u00f1e y se aprenda en San Pedro Pescador, sea lo mismo que en la ciudad de Resistencia o en Capital Federal\u201d, sostuvo.<\/p>\n\n\n\n<p>Del acto participaron tambi\u00e9n el intendente de Colonia Ben\u00edtez, Sergio Phipps; la directora de la escuela 107, Marina Fern\u00e1ndez; las subsecretarias de Educaci\u00f3n, Ludmila Pellegrini, y de Planificaci\u00f3n Educativa, Ciencia y Tecnolog\u00eda, Claudia Gonz\u00e1lez; los subsecretarios de Formaci\u00f3n Docente, Fabio Alvarenga, y de Infraestructura Escolar, Mart\u00edn Morilla; directores y directoras de niveles y modalidades y de regionales educativas.<\/p>\n","protected":false},"excerpt":{"rendered":"<p>El gobernador Jorge Capitanich recibi\u00f3 este jueves al ministro de Educaci\u00f3n de la Naci\u00f3n, Jaime Perczyk, junto a quien entreg\u00f3 64 notebooks del programa Conectar Igualdad para chicos y chicas de la escuela secundaria 107 \u201cOrillas del Paran\u00e1\u201d, del barrio San Pedro Pescador.&nbsp; Ah\u00ed Capitanich reconoci\u00f3 que \u00abno alcanza hoy con la infraestructura y el &hellip;<\/p>\n","protected":false},"author":2,"featured_media":55567,"comment_status":"open","ping_status":"open","sticky":false,"template":"","format":"standard","meta":{"_jetpack_memberships_contains_paid_content":false,"footnotes":"","jetpack_publicize_message":"","jetpack_publicize_feature_enabled":true,"jetpack_social_post_already_shared":true,"jetpack_social_options":{"image_generator_settings":{"template":"highway","default_image_id":0,"font":"","enabled":false},"version":2}},"categories":[5,12],"tags":[],"class_list":["post-55566","post","type-post","status-publish","format-standard","has-post-thumbnail","hentry","category-chaco","category-ultimo"],"jetpack_publicize_connections":[],"jetpack_featured_media_url":"https:\/\/portalmovil.com.ar\/wp-content\/uploads\/2022\/04\/5365b45e7519a94ed245dbe994134e3a.jpg","jetpack_sharing_enabled":true,"amp_enabled":true,"_links":{"self":[{"href":"https:\/\/portalmovil.com.ar\/index.php\/wp-json\/wp\/v2\/posts\/55566","targetHints":{"allow":["GET"]}}],"collection":[{"href":"https:\/\/portalmovil.com.ar\/index.php\/wp-json\/wp\/v2\/posts"}],"about":[{"href":"https:\/\/portalmovil.com.ar\/index.php\/wp-json\/wp\/v2\/types\/post"}],"author":[{"embeddable":true,"href":"https:\/\/portalmovil.com.ar\/index.php\/wp-json\/wp\/v2\/users\/2"}],"replies":[{"embeddable":true,"href":"https:\/\/portalmovil.com.ar\/index.php\/wp-json\/wp\/v2\/comments?post=55566"}],"version-history":[{"count":1,"href":"https:\/\/portalmovil.com.ar\/index.php\/wp-json\/wp\/v2\/posts\/55566\/revisions"}],"predecessor-version":[{"id":55568,"href":"https:\/\/portalmovil.com.ar\/index.php\/wp-json\/wp\/v2\/posts\/55566\/revisions\/55568"}],"wp:featuredmedia":[{"embeddable":true,"href":"https:\/\/portalmovil.com.ar\/index.php\/wp-json\/wp\/v2\/media\/55567"}],"wp:attachment":[{"href":"https:\/\/portalmovil.com.ar\/index.php\/wp-json\/wp\/v2\/media?parent=55566"}],"wp:term":[{"taxonomy":"category","embeddable":true,"href":"https:\/\/portalmovil.com.ar\/index.php\/wp-json\/wp\/v2\/categories?post=55566"},{"taxonomy":"post_tag","embeddable":true,"href":"https:\/\/portalmovil.com.ar\/index.php\/wp-json\/wp\/v2\/tags?post=55566"}],"curies":[{"name":"wp","href":"https:\/\/api.w.org\/{rel}","templated":true}]}}