{"id":55541,"date":"2022-04-28T10:14:38","date_gmt":"2022-04-28T13:14:38","guid":{"rendered":"https:\/\/portalmovil.com.ar\/?p=55541"},"modified":"2022-04-28T10:14:39","modified_gmt":"2022-04-28T13:14:39","slug":"martinez-proyecta-con-el-fogon-de-los-arrieros-su-restauracion-integral","status":"publish","type":"post","link":"https:\/\/portalmovil.com.ar\/index.php\/2022\/04\/28\/martinez-proyecta-con-el-fogon-de-los-arrieros-su-restauracion-integral\/","title":{"rendered":"Mart\u00ednez proyecta con el Fog\u00f3n de los Arrieros su restauraci\u00f3n integral"},"content":{"rendered":"\n<p>El intendente de Resistencia, Gustavo Mart\u00ednez, junto a la concejala Mar\u00eda Teresa Celada, visit\u00f3 el Fog\u00f3n de los Arrieros y acord\u00f3 con los integrantes de la Fundaci\u00f3n impulsar un proyecto integral de restauraci\u00f3n y refacciones para la Casa Cultural.<\/p>\n\n\n\n<p>Las acciones se enmarcan en las pol\u00edticas de trabajo conjunto y coordinado con instituciones que impulsa el Ejecutivo Comunal para acompa\u00f1arlas y promover su labor; y, en este caso, dejar el lugar en condiciones para julio que se realizar\u00e1 en la ciudad la Bienal de Esculturas 2022.<\/p>\n\n\n\n<p>\u201cPara nosotros es muy importante acompa\u00f1ar al Fog\u00f3n de los Arrieros que es una instituci\u00f3n de larga trayectoria, pr\u00e1cticamente es la cuna del nacimiento de la identidad de Resistencia\u201d, cont\u00f3 Mart\u00ednez acompa\u00f1ado del presidente de la Fundaci\u00f3n, Daniel Moscatelli; y de la edila Mar\u00eda Terea Celada, hija de un socio fundador de esta casa hist\u00f3rica local. Adem\u00e1s, acompa\u00f1aron el vice Marcelo Gusti y Cristina Bianucci, tambi\u00e9n miembro del consejo directivo del lugar.<\/p>\n","protected":false},"excerpt":{"rendered":"<p>El intendente de Resistencia, Gustavo Mart\u00ednez, junto a la concejala Mar\u00eda Teresa Celada, visit\u00f3 el Fog\u00f3n de los Arrieros y acord\u00f3 con los integrantes de la Fundaci\u00f3n impulsar un proyecto integral de restauraci\u00f3n y refacciones para la Casa Cultural. Las acciones se enmarcan en las pol\u00edticas de trabajo conjunto y coordinado con instituciones que impulsa &hellip;<\/p>\n","protected":false},"author":2,"featured_media":55542,"comment_status":"open","ping_status":"open","sticky":false,"template":"","format":"standard","meta":{"_jetpack_memberships_contains_paid_content":false,"footnotes":"","jetpack_publicize_message":"","jetpack_publicize_feature_enabled":true,"jetpack_social_post_already_shared":true,"jetpack_social_options":{"image_generator_settings":{"template":"highway","default_image_id":0,"font":"","enabled":false},"version":2}},"categories":[37,3],"tags":[],"class_list":["post-55541","post","type-post","status-publish","format-standard","has-post-thumbnail","hentry","category-resistencia","category-sociedad"],"jetpack_publicize_connections":[],"jetpack_featured_media_url":"https:\/\/portalmovil.com.ar\/wp-content\/uploads\/2022\/04\/279095697_564159765060629_8902766024030860720_n.jpg","jetpack_sharing_enabled":true,"amp_enabled":true,"_links":{"self":[{"href":"https:\/\/portalmovil.com.ar\/index.php\/wp-json\/wp\/v2\/posts\/55541","targetHints":{"allow":["GET"]}}],"collection":[{"href":"https:\/\/portalmovil.com.ar\/index.php\/wp-json\/wp\/v2\/posts"}],"about":[{"href":"https:\/\/portalmovil.com.ar\/index.php\/wp-json\/wp\/v2\/types\/post"}],"author":[{"embeddable":true,"href":"https:\/\/portalmovil.com.ar\/index.php\/wp-json\/wp\/v2\/users\/2"}],"replies":[{"embeddable":true,"href":"https:\/\/portalmovil.com.ar\/index.php\/wp-json\/wp\/v2\/comments?post=55541"}],"version-history":[{"count":1,"href":"https:\/\/portalmovil.com.ar\/index.php\/wp-json\/wp\/v2\/posts\/55541\/revisions"}],"predecessor-version":[{"id":55543,"href":"https:\/\/portalmovil.com.ar\/index.php\/wp-json\/wp\/v2\/posts\/55541\/revisions\/55543"}],"wp:featuredmedia":[{"embeddable":true,"href":"https:\/\/portalmovil.com.ar\/index.php\/wp-json\/wp\/v2\/media\/55542"}],"wp:attachment":[{"href":"https:\/\/portalmovil.com.ar\/index.php\/wp-json\/wp\/v2\/media?parent=55541"}],"wp:term":[{"taxonomy":"category","embeddable":true,"href":"https:\/\/portalmovil.com.ar\/index.php\/wp-json\/wp\/v2\/categories?post=55541"},{"taxonomy":"post_tag","embeddable":true,"href":"https:\/\/portalmovil.com.ar\/index.php\/wp-json\/wp\/v2\/tags?post=55541"}],"curies":[{"name":"wp","href":"https:\/\/api.w.org\/{rel}","templated":true}]}}