{"id":5553,"date":"2020-04-23T15:16:56","date_gmt":"2020-04-23T18:16:56","guid":{"rendered":"http:\/\/portalmovil.com.ar\/?p=5553"},"modified":"2020-04-23T15:17:00","modified_gmt":"2020-04-23T18:17:00","slug":"el-gobierno-recibe-a-lideres-de-movimientos-sociales-para-analizar-asistencia-alimentaria","status":"publish","type":"post","link":"https:\/\/portalmovil.com.ar\/index.php\/2020\/04\/23\/el-gobierno-recibe-a-lideres-de-movimientos-sociales-para-analizar-asistencia-alimentaria\/","title":{"rendered":"El gobierno recibe a l\u00edderes de movimientos sociales para analizar asistencia alimentaria"},"content":{"rendered":"\n<p>El presidente Alberto Fern\u00e1ndez recibir\u00e1 hoy en la residencia de Olivos a referentes de organizaciones sociales, para analizar la situaci\u00f3n social en las zonas vulnerables y la ayuda del Estado con alimentos, en el marco del aislamiento social, preventivo y obligatorio dispuesto por la pandemia del coronavirus.<\/p>\n\n\n\n<p>Participar\u00e1n del encuentro el ministro de Desarrollo Social, Daniel Arroyo; el referente de la Confederaci\u00f3n de Trabajadores de la Econom\u00eda Popular (CTEP), Juan Grabois; y los funcionarios y l\u00edderes de organizaciones sociales Fernando \u2018Chino\u2019 Navarro, Emilio P\u00e9rsico y Daniel Men\u00e9ndez, entre otros.<\/p>\n\n\n\n<p>La reuni\u00f3n est\u00e1 prevista para las 16.30, en la residencia de Olivos, seg\u00fan informaron a T\u00e9lam fuentes oficiales.<\/p>\n\n\n\n<p>Por su parte, P\u00e9rsico, secretario general del Movimiento Evita y secretario de la Econom\u00eda Social del Ministerio de Desarrollo Social, explic\u00f3 a T\u00e9lam que, en el encuentro, se analizar\u00e1 \u201cla situaci\u00f3n social del pa\u00eds frente a la emergencia de la pandemia\u201d y continuar\u00e1n evaluando \u201cc\u00f3mo es la situaci\u00f3n en los barrios y ver el trabajo que se viene desarrollando desde las organizaciones sociales en los territorios\u201d.<\/p>\n\n\n\n<p>\u201cTambi\u00e9n vamos a discutir c\u00f3mo empezar a salir de la crisis e ir poniendo nuevamente en movimiento los proyectos de trabajo, en especial todo lo que hace a la obras p\u00fablicas; y atender la emergencia alimentaria\u201d, explic\u00f3.<\/p>\n\n\n\n<p>En tanto, Men\u00e9ndez -coordinador nacional de Barrios de Pie (Somos) y subsecretario de la Econom\u00eda Social del Ministerio de Desarrollo Social- dijo a esta agencia que \u201cse requiere un fortalecimiento de la asistencia alimentaria y fortalecer la obra p\u00fablica en los barrios, para comenzar a dinamizar la econom\u00eda\u201d.<\/p>\n\n\n\n<p>\u201cLa idea del encuentro de hoy es construir un diagn\u00f3stico conjunto de la situaci\u00f3n social del pa\u00eds frente a la pandemia, plantear la preocupaci\u00f3n por el aumento de la cantidad de familias que se acercan a los comedores comunitarios y la necesidad de fortalecer la asistencia a nuestro pueblo, porque se ha multiplicado por tres la cantidad de gente que necesita alimentos\u201d, sostuvo Men\u00e9ndez.<\/p>\n\n\n\n<p>Tambi\u00e9n estar\u00e1 presente en el encuentro \u2018Chino\u2019 Navarro, del Movimiento Evita y secretario de Relaciones Parlamentarias de la Jefatura de Gabinete.<\/p>\n","protected":false},"excerpt":{"rendered":"<p>El presidente Alberto Fern\u00e1ndez recibir\u00e1 hoy en la residencia de Olivos a referentes de organizaciones sociales, para analizar la situaci\u00f3n social en las zonas vulnerables y la ayuda del Estado con alimentos, en el marco del aislamiento social, preventivo y obligatorio dispuesto por la pandemia del coronavirus. Participar\u00e1n del encuentro el ministro de Desarrollo Social, &hellip;<\/p>\n","protected":false},"author":2,"featured_media":5554,"comment_status":"open","ping_status":"open","sticky":false,"template":"","format":"standard","meta":{"_jetpack_memberships_contains_paid_content":false,"footnotes":"","jetpack_publicize_message":"","jetpack_publicize_feature_enabled":true,"jetpack_social_post_already_shared":true,"jetpack_social_options":{"image_generator_settings":{"template":"highway","default_image_id":0,"font":"","enabled":false},"version":2}},"categories":[14],"tags":[],"class_list":["post-5553","post","type-post","status-publish","format-standard","has-post-thumbnail","hentry","category-politica"],"jetpack_publicize_connections":[],"jetpack_featured_media_url":"https:\/\/portalmovil.com.ar\/wp-content\/uploads\/2020\/04\/maxresdefault.jpg","jetpack_sharing_enabled":true,"amp_enabled":true,"_links":{"self":[{"href":"https:\/\/portalmovil.com.ar\/index.php\/wp-json\/wp\/v2\/posts\/5553","targetHints":{"allow":["GET"]}}],"collection":[{"href":"https:\/\/portalmovil.com.ar\/index.php\/wp-json\/wp\/v2\/posts"}],"about":[{"href":"https:\/\/portalmovil.com.ar\/index.php\/wp-json\/wp\/v2\/types\/post"}],"author":[{"embeddable":true,"href":"https:\/\/portalmovil.com.ar\/index.php\/wp-json\/wp\/v2\/users\/2"}],"replies":[{"embeddable":true,"href":"https:\/\/portalmovil.com.ar\/index.php\/wp-json\/wp\/v2\/comments?post=5553"}],"version-history":[{"count":1,"href":"https:\/\/portalmovil.com.ar\/index.php\/wp-json\/wp\/v2\/posts\/5553\/revisions"}],"predecessor-version":[{"id":5555,"href":"https:\/\/portalmovil.com.ar\/index.php\/wp-json\/wp\/v2\/posts\/5553\/revisions\/5555"}],"wp:featuredmedia":[{"embeddable":true,"href":"https:\/\/portalmovil.com.ar\/index.php\/wp-json\/wp\/v2\/media\/5554"}],"wp:attachment":[{"href":"https:\/\/portalmovil.com.ar\/index.php\/wp-json\/wp\/v2\/media?parent=5553"}],"wp:term":[{"taxonomy":"category","embeddable":true,"href":"https:\/\/portalmovil.com.ar\/index.php\/wp-json\/wp\/v2\/categories?post=5553"},{"taxonomy":"post_tag","embeddable":true,"href":"https:\/\/portalmovil.com.ar\/index.php\/wp-json\/wp\/v2\/tags?post=5553"}],"curies":[{"name":"wp","href":"https:\/\/api.w.org\/{rel}","templated":true}]}}