{"id":55455,"date":"2022-04-27T09:31:32","date_gmt":"2022-04-27T12:31:32","guid":{"rendered":"https:\/\/portalmovil.com.ar\/?p=55455"},"modified":"2022-04-27T09:31:34","modified_gmt":"2022-04-27T12:31:34","slug":"murio-ahogada-una-bebe-de-diez-meses-en-charata","status":"publish","type":"post","link":"https:\/\/portalmovil.com.ar\/index.php\/2022\/04\/27\/murio-ahogada-una-bebe-de-diez-meses-en-charata\/","title":{"rendered":"Muri\u00f3 ahogada una beb\u00e9 de diez meses en Charata"},"content":{"rendered":"\n<p>En la noche de ayer fue ingresada al nosocomio local una beb\u00e9 de diez meses sin respirar. Seg\u00fan informaron fuentes policiales, la menor ingres\u00f3 en los brazos de su madre, una joven de 16 a\u00f1os.&nbsp;<\/p>\n\n\n\n<p>En detalle, la peque\u00f1a fue atendida por los enfermeros y enfermeras del hospital de Charata pero ya<strong>&nbsp;habr\u00eda ingreado a la guardia sin signos vitales.&nbsp;<\/strong><\/p>\n\n\n\n<p><strong>Tras realizarle durante varios minutos maniores de RC<\/strong>P, el m\u00e9dico presente di\u00e1gnostico \u00abmuerte por ahogamiento (broncoaspir\u00f3)\u00bb y solicitaron la intervenci\u00f3n de un m\u00e9dico forense.&nbsp;<\/p>\n\n\n\n<p>El fiscal de turno, Tiago Hugo Baigorri dispuso que el cuerpo de la menor sea trasladado a la morgue para la&nbsp;<strong>correspondiente autopsia.&nbsp;<\/strong><\/p>\n","protected":false},"excerpt":{"rendered":"<p>En la noche de ayer fue ingresada al nosocomio local una beb\u00e9 de diez meses sin respirar. Seg\u00fan informaron fuentes policiales, la menor ingres\u00f3 en los brazos de su madre, una joven de 16 a\u00f1os.&nbsp; En detalle, la peque\u00f1a fue atendida por los enfermeros y enfermeras del hospital de Charata pero ya&nbsp;habr\u00eda ingreado a la &hellip;<\/p>\n","protected":false},"author":2,"featured_media":55456,"comment_status":"open","ping_status":"open","sticky":false,"template":"","format":"standard","meta":{"_jetpack_memberships_contains_paid_content":false,"footnotes":"","jetpack_publicize_message":"","jetpack_publicize_feature_enabled":true,"jetpack_social_post_already_shared":true,"jetpack_social_options":{"image_generator_settings":{"template":"highway","default_image_id":0,"font":"","enabled":false},"version":2}},"categories":[5,8],"tags":[],"class_list":["post-55455","post","type-post","status-publish","format-standard","has-post-thumbnail","hentry","category-chaco","category-policiales"],"jetpack_publicize_connections":[],"jetpack_featured_media_url":"https:\/\/portalmovil.com.ar\/wp-content\/uploads\/2022\/04\/7a3837fe-0a6b-4046-927b-aa54170fb471.jpg","jetpack_sharing_enabled":true,"amp_enabled":true,"_links":{"self":[{"href":"https:\/\/portalmovil.com.ar\/index.php\/wp-json\/wp\/v2\/posts\/55455","targetHints":{"allow":["GET"]}}],"collection":[{"href":"https:\/\/portalmovil.com.ar\/index.php\/wp-json\/wp\/v2\/posts"}],"about":[{"href":"https:\/\/portalmovil.com.ar\/index.php\/wp-json\/wp\/v2\/types\/post"}],"author":[{"embeddable":true,"href":"https:\/\/portalmovil.com.ar\/index.php\/wp-json\/wp\/v2\/users\/2"}],"replies":[{"embeddable":true,"href":"https:\/\/portalmovil.com.ar\/index.php\/wp-json\/wp\/v2\/comments?post=55455"}],"version-history":[{"count":1,"href":"https:\/\/portalmovil.com.ar\/index.php\/wp-json\/wp\/v2\/posts\/55455\/revisions"}],"predecessor-version":[{"id":55457,"href":"https:\/\/portalmovil.com.ar\/index.php\/wp-json\/wp\/v2\/posts\/55455\/revisions\/55457"}],"wp:featuredmedia":[{"embeddable":true,"href":"https:\/\/portalmovil.com.ar\/index.php\/wp-json\/wp\/v2\/media\/55456"}],"wp:attachment":[{"href":"https:\/\/portalmovil.com.ar\/index.php\/wp-json\/wp\/v2\/media?parent=55455"}],"wp:term":[{"taxonomy":"category","embeddable":true,"href":"https:\/\/portalmovil.com.ar\/index.php\/wp-json\/wp\/v2\/categories?post=55455"},{"taxonomy":"post_tag","embeddable":true,"href":"https:\/\/portalmovil.com.ar\/index.php\/wp-json\/wp\/v2\/tags?post=55455"}],"curies":[{"name":"wp","href":"https:\/\/api.w.org\/{rel}","templated":true}]}}