{"id":55352,"date":"2022-04-26T11:49:44","date_gmt":"2022-04-26T14:49:44","guid":{"rendered":"https:\/\/portalmovil.com.ar\/?p=55352"},"modified":"2022-04-26T11:49:48","modified_gmt":"2022-04-26T14:49:48","slug":"un-hombre-abrio-fuego-en-una-guarderia-de-rusia-y-provoco-una-tragedia","status":"publish","type":"post","link":"https:\/\/portalmovil.com.ar\/index.php\/2022\/04\/26\/un-hombre-abrio-fuego-en-una-guarderia-de-rusia-y-provoco-una-tragedia\/","title":{"rendered":"Un hombre abri\u00f3 fuego en una guarder\u00eda de Rusia y provoc\u00f3 una tragedia"},"content":{"rendered":"\n<p>Un hombre armado abri\u00f3 fuego el martes en un jard\u00edn de infantes en la regi\u00f3n de Ulianovsk, en\u00a0<strong>Rusia<\/strong>, y mat\u00f3 al menos a cuatro personas, inform\u00f3 la agencia de noticias Interfax, citando una fuente.<\/p>\n\n\n\n<figure class=\"wp-block-embed is-type-rich is-provider-twitter wp-block-embed-twitter\"><div class=\"wp-block-embed__wrapper\">\nhttps:\/\/twitter.com\/amg9847\/status\/1518914309908320260?t=OHgyn5bJ9oIQ5pNIkJ0dZA&#038;s=19\n<\/div><\/figure>\n\n\n\n<p>\u00abSeg\u00fan informaciones preliminares,&nbsp;<strong>hubo disparos en un jard\u00edn infantil. Dos ni\u00f1os murieron, una maestra y el agresor tambi\u00e9n<\/strong>\u00ab, afirm\u00f3 a la AFP Dmitri Kamal, portavoz de la regi\u00f3n de Ulianovsk.<\/p>\n\n\n\n<p>Precis\u00f3 que la edad de los ni\u00f1os no se conoce, pero que son probablemente de \u00ab<strong>entre tres y seis a\u00f1os<\/strong>\u00ab, y dijo que los investigadores se encuentran en el lugar.<\/p>\n\n\n\n<p>Seg\u00fan las agencias de prensa rusas, que citan a las fuerzas del orden,&nbsp;<strong>\u00abla causa de los disparos podr\u00eda ser un conflicto familiar\u00bb.<\/strong><\/p>\n\n\n\n<p>El diputado y exgobernador de la regi\u00f3n, Sergu\u00e9i Morozov, indic\u00f3 a la agencia de prensa Ria Novosti que una joven maestra y dos ni\u00f1os nacidos en 2016 y 2018 murieron.<\/p>\n\n\n\n<p>La cadena Telegram Baza, conocida por sus relaciones con las fuerzas de seguridad, indic\u00f3 que el hombre entr\u00f3 a la escuela durante la hora de la siesta, armado con un fusil de caza.<\/p>\n\n\n\n<p>Los tiroteos mortales, especialmente en escuelas, aumentaron en los \u00faltimos a\u00f1os en Rusia.<\/p>\n\n\n\n<p>El presidente&nbsp;<strong>Vlad\u00edmir Putin<\/strong>&nbsp;se ha alarmado por esa situaci\u00f3n, viendo en ello un fen\u00f3meno importado de los Estados Unidos y un efecto perverso de la globalizaci\u00f3n, lo que llev\u00f3 a endurecer la legislaci\u00f3n sobre portaci\u00f3n de armas.<\/p>\n\n\n\n<p>En septiembre de 2021, un estudiante de 18 a\u00f1os dispar\u00f3 con un fusil de caza en la universidad de Perm, en los Urales, causando seis muertos y unos 30 heridos.<\/p>\n\n\n\n<p>En mayo de 2021, un joven de 19 a\u00f1os dispar\u00f3 contra su antigua escuela, matando a siete alumnos.<\/p>\n\n\n\n<p>El tiroteo m\u00e1s sangriento ocurri\u00f3 en octubre de 2018, cuando un estudiante mat\u00f3 a 19 personas antes de suicidarse en un liceo de Kerch, en la anexada pen\u00ednsula de Crimea.<\/p>\n","protected":false},"excerpt":{"rendered":"<p>Un hombre armado abri\u00f3 fuego el martes en un jard\u00edn de infantes en la regi\u00f3n de Ulianovsk, en\u00a0Rusia, y mat\u00f3 al menos a cuatro personas, inform\u00f3 la agencia de noticias Interfax, citando una fuente. https:\/\/twitter.com\/amg9847\/status\/1518914309908320260?t=OHgyn5bJ9oIQ5pNIkJ0dZA&#038;s=19 \u00abSeg\u00fan informaciones preliminares,&nbsp;hubo disparos en un jard\u00edn infantil. Dos ni\u00f1os murieron, una maestra y el agresor tambi\u00e9n\u00ab, afirm\u00f3 a la &hellip;<\/p>\n","protected":false},"author":2,"featured_media":55353,"comment_status":"open","ping_status":"open","sticky":false,"template":"","format":"standard","meta":{"_jetpack_memberships_contains_paid_content":false,"footnotes":"","jetpack_publicize_message":"","jetpack_publicize_feature_enabled":true,"jetpack_social_post_already_shared":true,"jetpack_social_options":{"image_generator_settings":{"template":"highway","default_image_id":0,"font":"","enabled":false},"version":2}},"categories":[17],"tags":[],"class_list":["post-55352","post","type-post","status-publish","format-standard","has-post-thumbnail","hentry","category-mundo"],"jetpack_publicize_connections":[],"jetpack_featured_media_url":"https:\/\/portalmovil.com.ar\/wp-content\/uploads\/2022\/04\/59235983_6.jpg","jetpack_sharing_enabled":true,"amp_enabled":true,"_links":{"self":[{"href":"https:\/\/portalmovil.com.ar\/index.php\/wp-json\/wp\/v2\/posts\/55352","targetHints":{"allow":["GET"]}}],"collection":[{"href":"https:\/\/portalmovil.com.ar\/index.php\/wp-json\/wp\/v2\/posts"}],"about":[{"href":"https:\/\/portalmovil.com.ar\/index.php\/wp-json\/wp\/v2\/types\/post"}],"author":[{"embeddable":true,"href":"https:\/\/portalmovil.com.ar\/index.php\/wp-json\/wp\/v2\/users\/2"}],"replies":[{"embeddable":true,"href":"https:\/\/portalmovil.com.ar\/index.php\/wp-json\/wp\/v2\/comments?post=55352"}],"version-history":[{"count":1,"href":"https:\/\/portalmovil.com.ar\/index.php\/wp-json\/wp\/v2\/posts\/55352\/revisions"}],"predecessor-version":[{"id":55354,"href":"https:\/\/portalmovil.com.ar\/index.php\/wp-json\/wp\/v2\/posts\/55352\/revisions\/55354"}],"wp:featuredmedia":[{"embeddable":true,"href":"https:\/\/portalmovil.com.ar\/index.php\/wp-json\/wp\/v2\/media\/55353"}],"wp:attachment":[{"href":"https:\/\/portalmovil.com.ar\/index.php\/wp-json\/wp\/v2\/media?parent=55352"}],"wp:term":[{"taxonomy":"category","embeddable":true,"href":"https:\/\/portalmovil.com.ar\/index.php\/wp-json\/wp\/v2\/categories?post=55352"},{"taxonomy":"post_tag","embeddable":true,"href":"https:\/\/portalmovil.com.ar\/index.php\/wp-json\/wp\/v2\/tags?post=55352"}],"curies":[{"name":"wp","href":"https:\/\/api.w.org\/{rel}","templated":true}]}}