{"id":55332,"date":"2022-04-25T22:13:11","date_gmt":"2022-04-26T01:13:11","guid":{"rendered":"https:\/\/portalmovil.com.ar\/?p=55332"},"modified":"2022-04-25T22:13:14","modified_gmt":"2022-04-26T01:13:14","slug":"este-martes-se-recibiran-105-nuevos-oficiales-de-policia","status":"publish","type":"post","link":"https:\/\/portalmovil.com.ar\/index.php\/2022\/04\/25\/este-martes-se-recibiran-105-nuevos-oficiales-de-policia\/","title":{"rendered":"Este martes se recibir\u00e1n 105 nuevos oficiales de Polic\u00eda"},"content":{"rendered":"\n<p>El gobernador Jorge Capitanich, junto a la vicegobernadora Anal\u00eda Rach Quiroga, encabezar\u00e1 este martes a las 8.15 el acto de egreso de 105 suboficiales ayudantes de la Polic\u00eda del Chaco, en el Parque de la Democracia.<\/p>\n\n\n\n<p>Acompa\u00f1ar\u00e1n la actividad la ministra de Seguridad y Justicia, Gloria Zalazar y el jefe de la Polic\u00eda del Chaco, Ariel Acu\u00f1a, entre otras autoridades.<\/p>\n\n\n\n<p>Los 105 oficiales sub-ayudantes egresan tras aprobar el calendario acad\u00e9mico del \u201cCurso de Formaci\u00f3n\u201d. Se trata de personal pasar\u00e1 a engrosar las filas de la instituci\u00f3n policial con un nivel de profesionalismo exigido por el Gobierno provincial en cuanto a respeto a las normas legales vigentes y los derechos humanos de las personas.<\/p>\n\n\n\n<p>Este nuevo grupo de egresados est\u00e1 conformado por 66 oficiales que residen en la zona del Gran Resistencia y sus alrededores, y 39 oficiales pertenecientes al interior de la Provincia.<\/p>\n\n\n\n<p>La agenda prev\u00e9 la recepci\u00f3n de autoridades e invitados especiales en el Parque de la Democracia, una introducci\u00f3n sobre la actividad, la entonaci\u00f3n del Himno Nacional Argentino, la bendici\u00f3n de despachos e invocaci\u00f3n religiosa, entrega de 10 distinciones y 5 despachos, palabras de un egresado, palabras de la ministra de Seguridad y Justicia y del jefe de Polic\u00eda, toma de juramento profesional a los oficiales sub-ayudantes por parte del gobernador, y finalmente palabras del primer mandatario.<\/p>\n","protected":false},"excerpt":{"rendered":"<p>El gobernador Jorge Capitanich, junto a la vicegobernadora Anal\u00eda Rach Quiroga, encabezar\u00e1 este martes a las 8.15 el acto de egreso de 105 suboficiales ayudantes de la Polic\u00eda del Chaco, en el Parque de la Democracia. Acompa\u00f1ar\u00e1n la actividad la ministra de Seguridad y Justicia, Gloria Zalazar y el jefe de la Polic\u00eda del Chaco, &hellip;<\/p>\n","protected":false},"author":2,"featured_media":55333,"comment_status":"open","ping_status":"open","sticky":false,"template":"","format":"standard","meta":{"_jetpack_memberships_contains_paid_content":false,"footnotes":"","jetpack_publicize_message":"","jetpack_publicize_feature_enabled":true,"jetpack_social_post_already_shared":true,"jetpack_social_options":{"image_generator_settings":{"template":"highway","default_image_id":0,"font":"","enabled":false},"version":2}},"categories":[5,8],"tags":[],"class_list":["post-55332","post","type-post","status-publish","format-standard","has-post-thumbnail","hentry","category-chaco","category-policiales"],"jetpack_publicize_connections":[],"jetpack_featured_media_url":"https:\/\/portalmovil.com.ar\/wp-content\/uploads\/2022\/04\/6267431d985e3171146568.jpg","jetpack_sharing_enabled":true,"amp_enabled":true,"_links":{"self":[{"href":"https:\/\/portalmovil.com.ar\/index.php\/wp-json\/wp\/v2\/posts\/55332","targetHints":{"allow":["GET"]}}],"collection":[{"href":"https:\/\/portalmovil.com.ar\/index.php\/wp-json\/wp\/v2\/posts"}],"about":[{"href":"https:\/\/portalmovil.com.ar\/index.php\/wp-json\/wp\/v2\/types\/post"}],"author":[{"embeddable":true,"href":"https:\/\/portalmovil.com.ar\/index.php\/wp-json\/wp\/v2\/users\/2"}],"replies":[{"embeddable":true,"href":"https:\/\/portalmovil.com.ar\/index.php\/wp-json\/wp\/v2\/comments?post=55332"}],"version-history":[{"count":1,"href":"https:\/\/portalmovil.com.ar\/index.php\/wp-json\/wp\/v2\/posts\/55332\/revisions"}],"predecessor-version":[{"id":55334,"href":"https:\/\/portalmovil.com.ar\/index.php\/wp-json\/wp\/v2\/posts\/55332\/revisions\/55334"}],"wp:featuredmedia":[{"embeddable":true,"href":"https:\/\/portalmovil.com.ar\/index.php\/wp-json\/wp\/v2\/media\/55333"}],"wp:attachment":[{"href":"https:\/\/portalmovil.com.ar\/index.php\/wp-json\/wp\/v2\/media?parent=55332"}],"wp:term":[{"taxonomy":"category","embeddable":true,"href":"https:\/\/portalmovil.com.ar\/index.php\/wp-json\/wp\/v2\/categories?post=55332"},{"taxonomy":"post_tag","embeddable":true,"href":"https:\/\/portalmovil.com.ar\/index.php\/wp-json\/wp\/v2\/tags?post=55332"}],"curies":[{"name":"wp","href":"https:\/\/api.w.org\/{rel}","templated":true}]}}