{"id":55329,"date":"2022-04-25T22:06:36","date_gmt":"2022-04-26T01:06:36","guid":{"rendered":"https:\/\/portalmovil.com.ar\/?p=55329"},"modified":"2022-04-25T22:06:38","modified_gmt":"2022-04-26T01:06:38","slug":"gustavo-martinez-en-el-lanzamiento-de-la-bienal-de-esculturas-de-chaco-en-buenos-aires-es-uno-de-los-hitos-artisticos-mas-importantes-de-argentina","status":"publish","type":"post","link":"https:\/\/portalmovil.com.ar\/index.php\/2022\/04\/25\/gustavo-martinez-en-el-lanzamiento-de-la-bienal-de-esculturas-de-chaco-en-buenos-aires-es-uno-de-los-hitos-artisticos-mas-importantes-de-argentina\/","title":{"rendered":"Gustavo Mart\u00ednez en el lanzamiento de la Bienal de Esculturas de Chaco en Buenos Aires: \u00abEs uno de los hitos art\u00edsticos m\u00e1s importantes de Argentina\u00bb"},"content":{"rendered":"\n<p>El intendente de Resistencia, Gustavo Mart\u00ednez, acompa\u00f1\u00f3 este lunes a la Fundaci\u00f3n Urunday en la presentaci\u00f3n en Buenos Aires de&nbsp;la Bienal&nbsp;Internacional de Esculturas del Chaco 2022. Durante el lanzamiento, que se realiz\u00f3 en el Centro Cultural Kirchner, el jefe comunal garantiz\u00f3 que el Municipio est\u00e1 llevando adelante todas las tareas necesarias para que el evento internacional se desarrolle en una ciudad preparada para la gran cantidad de visitantes que se esperan.<\/p>\n\n\n\n<p>\u201cPara nosotros es muy importante acompa\u00f1ar a&nbsp;la Fundaci\u00f3n&nbsp;Urunday&nbsp;en esta presentaci\u00f3n e invitar a todos los argentinos a que conozcan&nbsp;la Bienal&nbsp;de las Esculturas chaque\u00f1a\u201d, resalt\u00f3 y explic\u00f3: \u201cEn este invierno, del 16 al 23 de julio, vamos a tener un hito cultural en Resistencia que se desarrollar\u00e1 en un predio de m\u00e1s de 16 hect\u00e1reas, con distintos cert\u00e1menes de esculturas, uno de ellos internacional\u201d.<\/p>\n\n\n\n<p>En el cual cont\u00f3 que se garantizar\u00e1 \u201ctodo el equipamiento necesario para vivir este significativo encuentro\u00bb y destac\u00f3 lo arraigado del concurso de esculturas en la ciudad que se desarrollar\u00e1 \u201cen el museo a cielo abierto m\u00e1s grande del planeta\u201d.<\/p>\n\n\n\n<p>Sobre esto \u00faltimo coment\u00f3: \u201cEs una ciudad que tiene m\u00e1s de 650 esculturas al aire libre y que se ha caracterizado por potenciar el desarrollo art\u00edstico \/ cultural\u201d, y sum\u00f3 que el evento principal estar\u00e1 complementado \u201ccon coros, artes esc\u00e9nicas, artistas musicales y ferias de emprendedores\u201d, entre otros atractivos. \u201cEs una convocatoria espectacular para todos los habitantes de&nbsp;la Argentina\u201d, reiter\u00f3<\/p>\n\n\n\n<p>Adem\u00e1s, en cuanto a las tareas que desarrolla la Comuna de cara al evento, explic\u00f3: \u201cEstamos trabajando arduamente en todo lo necesario para que la infraestructura, seguridad, el transporte, la gastronom\u00eda, hoteler\u00eda, todo est\u00e9 en condiciones\u201d. La idea es que los turistas puedan \u201cvisitar los parques, las lagunas, pasear en los bicibotes\u201d, sumo y cerr\u00f3 afirmando: \u201cVamos a poner todo desde la municipalidad para complementar este hecho hist\u00f3rico para la ciudad de Resistencia\u201d.<\/p>\n\n\n\n<p>EL LEGADO DE FABRICIANO<\/p>\n\n\n\n<p>El titular de la Fundaci\u00f3n Urunday, Jos\u00e9 Eidman, manifest\u00f3 sentirse una persona privilegiada por poder presentar la Bienal de Esculturas 2022 al pa\u00eds y al mundo.<\/p>\n\n\n\n<p>Tras invitar a \u201cla bienal de todos los chaque\u00f1os\u201d, reconoci\u00f3 que se trata una edici\u00f3n muy especial: \u201cEsta Bienal recupera el tiempo perdido, que en 2020 no se pudo hacer, pero lo fundamentalmente emotivo y lo que nos moviliza tiene que ver con poder honrar el legado de Fabri \u2013 por Fabriciano G\u00f3mez, fallecido en septiembre de 2021-\u201d.<\/p>\n\n\n\n<p>Por ello, con todos los atractivos que las bienales suelen tener, adem\u00e1s de la particularidad de este a\u00f1o, Eidman sentenci\u00f3: \u201cEste invierno los invitamos a vivir una experiencia realmente transformadora. Que vengan a formar parte de una manifestaci\u00f3n art\u00edstica que re\u00fane al pueblo y al arte en un mismo espacio para el disfrute de toda la familia\u201d.&nbsp;<\/p>\n","protected":false},"excerpt":{"rendered":"<p>El intendente de Resistencia, Gustavo Mart\u00ednez, acompa\u00f1\u00f3 este lunes a la Fundaci\u00f3n Urunday en la presentaci\u00f3n en Buenos Aires de&nbsp;la Bienal&nbsp;Internacional de Esculturas del Chaco 2022. Durante el lanzamiento, que se realiz\u00f3 en el Centro Cultural Kirchner, el jefe comunal garantiz\u00f3 que el Municipio est\u00e1 llevando adelante todas las tareas necesarias para que el evento &hellip;<\/p>\n","protected":false},"author":2,"featured_media":55330,"comment_status":"open","ping_status":"open","sticky":false,"template":"","format":"standard","meta":{"_jetpack_memberships_contains_paid_content":false,"footnotes":"","jetpack_publicize_message":"","jetpack_publicize_feature_enabled":true,"jetpack_social_post_already_shared":true,"jetpack_social_options":{"image_generator_settings":{"template":"highway","default_image_id":0,"font":"","enabled":false},"version":2}},"categories":[28],"tags":[],"class_list":["post-55329","post","type-post","status-publish","format-standard","has-post-thumbnail","hentry","category-actualidad"],"jetpack_publicize_connections":[],"jetpack_featured_media_url":"https:\/\/portalmovil.com.ar\/wp-content\/uploads\/2022\/04\/Gustavo-en-la-presentacion-de-la-Bienal-en-Buenos-Aires.-scaled.jpg","jetpack_sharing_enabled":true,"amp_enabled":true,"_links":{"self":[{"href":"https:\/\/portalmovil.com.ar\/index.php\/wp-json\/wp\/v2\/posts\/55329","targetHints":{"allow":["GET"]}}],"collection":[{"href":"https:\/\/portalmovil.com.ar\/index.php\/wp-json\/wp\/v2\/posts"}],"about":[{"href":"https:\/\/portalmovil.com.ar\/index.php\/wp-json\/wp\/v2\/types\/post"}],"author":[{"embeddable":true,"href":"https:\/\/portalmovil.com.ar\/index.php\/wp-json\/wp\/v2\/users\/2"}],"replies":[{"embeddable":true,"href":"https:\/\/portalmovil.com.ar\/index.php\/wp-json\/wp\/v2\/comments?post=55329"}],"version-history":[{"count":1,"href":"https:\/\/portalmovil.com.ar\/index.php\/wp-json\/wp\/v2\/posts\/55329\/revisions"}],"predecessor-version":[{"id":55331,"href":"https:\/\/portalmovil.com.ar\/index.php\/wp-json\/wp\/v2\/posts\/55329\/revisions\/55331"}],"wp:featuredmedia":[{"embeddable":true,"href":"https:\/\/portalmovil.com.ar\/index.php\/wp-json\/wp\/v2\/media\/55330"}],"wp:attachment":[{"href":"https:\/\/portalmovil.com.ar\/index.php\/wp-json\/wp\/v2\/media?parent=55329"}],"wp:term":[{"taxonomy":"category","embeddable":true,"href":"https:\/\/portalmovil.com.ar\/index.php\/wp-json\/wp\/v2\/categories?post=55329"},{"taxonomy":"post_tag","embeddable":true,"href":"https:\/\/portalmovil.com.ar\/index.php\/wp-json\/wp\/v2\/tags?post=55329"}],"curies":[{"name":"wp","href":"https:\/\/api.w.org\/{rel}","templated":true}]}}