{"id":55240,"date":"2022-04-24T22:50:16","date_gmt":"2022-04-25T01:50:16","guid":{"rendered":"https:\/\/portalmovil.com.ar\/?p=55240"},"modified":"2022-04-24T22:50:19","modified_gmt":"2022-04-25T01:50:19","slug":"finalizo-la-segunda-fecha-del-campeonato-zonal-de-automovilismo-en-el-autodromo-yaco-guarnieri","status":"publish","type":"post","link":"https:\/\/portalmovil.com.ar\/index.php\/2022\/04\/24\/finalizo-la-segunda-fecha-del-campeonato-zonal-de-automovilismo-en-el-autodromo-yaco-guarnieri\/","title":{"rendered":"Finaliz\u00f3 la segunda fecha del Campeonato zonal de Automovilismo en el Aut\u00f3dromo \u00abYaco Guarnieri\u00bb"},"content":{"rendered":"\n<p>En el remodelado Aut\u00f3dromo Municipal \u201cSantiago Yaco Guarnieri\u201d finaliz\u00f3 la segunda fecha del Campeonato Zonal, donde participaron m\u00e1s de 100 pilotos de las categor\u00edas clase 1, 2, TC Chaque\u00f1o, TC 4000, F\u00f3rmula del Noreste De Santa Fe y F.CH.A.D.<\/p>\n\n\n\n<p>En lo que respecta a la F\u00f3rmula del Nordeste el podio fue compuesto por Emanuel Magnago en primer lugar, Iv\u00e1n Castets en segundo y Cristian Pighin en tercero. Mientras que en el TC 4000, Walter Belich result\u00f3 ganador, seguido de Humberto Marinich en segundo puesto y Diego Mardzarevich en tercero.<\/p>\n\n\n\n<p>El triunfador de la Clase 1 fue Daniel Salas, el segundo fue Nicol\u00e1s Par\u00eds y el tercero fue Cristian Tradzarevich. En Clase 2, Juan Marcelo Lecce se qued\u00f3 con la victoria, Pablo Zacarias result\u00f3 segundo y Luis Escobar tercero.<\/p>\n\n\n\n<p>Respecto a las instalaciones del Yaco, Gustavo sostuvo que \u201cse est\u00e1 proyectando mejorar y modificar algunos detalles con un plan general de obras vinculadas a la ampliaci\u00f3n del circuito en las dos curvas\u201d, y agreg\u00f3 que \u201cse llevar\u00e1 adelante a fin de a\u00f1o cuando se pare la actividad\u201d.<\/p>\n\n\n\n<p>En una misma sinton\u00eda detall\u00f3 que \u201cser\u00e1n trabajos r\u00e1pidos que incluir\u00e1n dos ampliaciones y el kart\u00f3dromo iluminado dentro del \u2018Aut\u00f3dromo del Pueblo\u2019\u201d.<\/p>\n\n\n\n<p>Adem\u00e1s, el jefe comunal de Resistencia agradeci\u00f3 a todo el p\u00fablico que acompa\u00f1\u00f3, ya que \u201cesto no se podr\u00eda desarrollar sin la gente que ama este espect\u00e1culo maravilloso\u201d, y ampli\u00f3 diciendo que \u201ces una felicidad apreciar lo mucho que se avanz\u00f3\u201d.<\/p>\n\n\n\n<p>Asimismo, expres\u00f3 que \u201cpara la gesti\u00f3n municipal esto no es un gasto, es una inversi\u00f3n porque se incentivan actividades que generan empleo genuino en la ciudad\u201d.<\/p>\n\n\n\n<p>El presidente de la Asociaci\u00f3n de Pilotos de Karting (Apikart), Zen\u00f3n S\u00e1nchez, dio las gracias a la gesti\u00f3n municipal por apoyar al deporte motor, y manifest\u00f3 que \u201chac\u00eda falta un impulso para retomar la actividad automovil\u00edstica en Resistencia\u201d, y a\u00f1adi\u00f3 que \u201ccada vez hay mayor organizaci\u00f3n y el p\u00fablico acompa\u00f1a m\u00e1s\u201d.<\/p>\n\n\n\n<p>En igual sentido, destac\u00f3 que \u201cel trabajo articulado permiti\u00f3 que todo salga a la perfecci\u00f3n, y eso se ve en la respuesta de los pilotos que se fueron contentos de correr en esta pista y quieren seguir viniendo\u201d.<\/p>\n\n\n\n<p>M\u00e1ximo Barrientos compiti\u00f3 en Clase 2 y remarc\u00f3 que \u201cel aut\u00f3dromo est\u00e9 funcionando de nuevo, no solo es una comodidad para los pilotos locales, sino que es una alegr\u00eda porque significa poder correr con tu familia y con tus amigos\u201d.<\/p>\n\n\n\n<p>Adri\u00e1n Cima es otro corredor que asegur\u00f3 que \u201ces una felicidad contar con un circuito m\u00e1s para poder competir y que se sume m\u00e1s gente, ya sea como pilotos o como p\u00fablico\u201d.<\/p>\n\n\n\n<p>Danilo Jara es un vecino apasionado de los fierros que asisti\u00f3 por segunda vez desde que el Aut\u00f3dromo reabri\u00f3 sus puertas, y coment\u00f3 que \u201ces genial que despu\u00e9s de tanto tiempo se vuelva a vivir esta fiesta de la familia fierrera\u201d, y prosigui\u00f3 deseando que \u201cojal\u00e1 esto permita traer m\u00e1s eventos automovil\u00edsticos a Resistencia\u201d.<\/p>\n\n\n\n<p>David Ca\u00f1ete es de Barranqueras y es la primera vez que asisti\u00f3 a un evento de este tipo, y consider\u00f3 que \u201cestuvo muy bueno e interesante y se deber\u00eda hacer mucho m\u00e1s seguido para el disfrute de la gente\u201d.<\/p>\n","protected":false},"excerpt":{"rendered":"<p>En el remodelado Aut\u00f3dromo Municipal \u201cSantiago Yaco Guarnieri\u201d finaliz\u00f3 la segunda fecha del Campeonato Zonal, donde participaron m\u00e1s de 100 pilotos de las categor\u00edas clase 1, 2, TC Chaque\u00f1o, TC 4000, F\u00f3rmula del Noreste De Santa Fe y F.CH.A.D. En lo que respecta a la F\u00f3rmula del Nordeste el podio fue compuesto por Emanuel Magnago &hellip;<\/p>\n","protected":false},"author":2,"featured_media":55241,"comment_status":"open","ping_status":"open","sticky":false,"template":"","format":"standard","meta":{"_jetpack_memberships_contains_paid_content":false,"footnotes":"","jetpack_publicize_message":"","jetpack_publicize_feature_enabled":true,"jetpack_social_post_already_shared":true,"jetpack_social_options":{"image_generator_settings":{"template":"highway","default_image_id":0,"font":"","enabled":false},"version":2}},"categories":[37],"tags":[],"class_list":["post-55240","post","type-post","status-publish","format-standard","has-post-thumbnail","hentry","category-resistencia"],"jetpack_publicize_connections":[],"jetpack_featured_media_url":"https:\/\/portalmovil.com.ar\/wp-content\/uploads\/2022\/04\/FB_IMG_1650851356926.jpg","jetpack_sharing_enabled":true,"amp_enabled":true,"_links":{"self":[{"href":"https:\/\/portalmovil.com.ar\/index.php\/wp-json\/wp\/v2\/posts\/55240","targetHints":{"allow":["GET"]}}],"collection":[{"href":"https:\/\/portalmovil.com.ar\/index.php\/wp-json\/wp\/v2\/posts"}],"about":[{"href":"https:\/\/portalmovil.com.ar\/index.php\/wp-json\/wp\/v2\/types\/post"}],"author":[{"embeddable":true,"href":"https:\/\/portalmovil.com.ar\/index.php\/wp-json\/wp\/v2\/users\/2"}],"replies":[{"embeddable":true,"href":"https:\/\/portalmovil.com.ar\/index.php\/wp-json\/wp\/v2\/comments?post=55240"}],"version-history":[{"count":1,"href":"https:\/\/portalmovil.com.ar\/index.php\/wp-json\/wp\/v2\/posts\/55240\/revisions"}],"predecessor-version":[{"id":55242,"href":"https:\/\/portalmovil.com.ar\/index.php\/wp-json\/wp\/v2\/posts\/55240\/revisions\/55242"}],"wp:featuredmedia":[{"embeddable":true,"href":"https:\/\/portalmovil.com.ar\/index.php\/wp-json\/wp\/v2\/media\/55241"}],"wp:attachment":[{"href":"https:\/\/portalmovil.com.ar\/index.php\/wp-json\/wp\/v2\/media?parent=55240"}],"wp:term":[{"taxonomy":"category","embeddable":true,"href":"https:\/\/portalmovil.com.ar\/index.php\/wp-json\/wp\/v2\/categories?post=55240"},{"taxonomy":"post_tag","embeddable":true,"href":"https:\/\/portalmovil.com.ar\/index.php\/wp-json\/wp\/v2\/tags?post=55240"}],"curies":[{"name":"wp","href":"https:\/\/api.w.org\/{rel}","templated":true}]}}