{"id":55187,"date":"2022-04-23T00:01:46","date_gmt":"2022-04-23T03:01:46","guid":{"rendered":"https:\/\/portalmovil.com.ar\/?p=55187"},"modified":"2022-04-23T00:01:48","modified_gmt":"2022-04-23T03:01:48","slug":"pelea-entre-internos-en-saenz-pena-esta-vez-dejo-un-muerto","status":"publish","type":"post","link":"https:\/\/portalmovil.com.ar\/index.php\/2022\/04\/23\/pelea-entre-internos-en-saenz-pena-esta-vez-dejo-un-muerto\/","title":{"rendered":"Pelea entre internos en S\u00e1enz Pe\u00f1a, est\u00e1 vez dejo un muerto"},"content":{"rendered":"\n<p>Un condenado identificado como Fabi\u00e1n Campos\u00a0(28) estaba alojado en el Complejo Penitenciario de esta ciudad. <\/p>\n\n\n\n<p>En la tarde de este viernes ingres\u00f3 a la guardia de emergencia del hospital 4 de Junio, con una herida de arma blanca en la zona abdominal. Aparentemente, por la profundidad de la lesi\u00f3n, los m\u00e9dicos no pudieron hacer nada para salvar la vida del joven detenido.<\/p>\n\n\n\n<p>En la c\u00e1rcel provincial trabajan peritos y el fiscal de turno, para investigar c\u00f3mo se habr\u00eda desencadenado la agresi\u00f3n. Buscan saber si fue en el contexto de una &nbsp;pelea c\u00f3mo las que est\u00e1n sucediendo en los \u00faltimos d\u00edas, y que se est\u00e1n viralizando mediante las redes sociales.<\/p>\n\n\n\n<p>El fiscal a cargo, dispuso que el cuerpo sea derivado a la morgue del Poder Judicial para la correspondiente necropsia.<\/p>\n","protected":false},"excerpt":{"rendered":"<p>Un condenado identificado como Fabi\u00e1n Campos\u00a0(28) estaba alojado en el Complejo Penitenciario de esta ciudad. En la tarde de este viernes ingres\u00f3 a la guardia de emergencia del hospital 4 de Junio, con una herida de arma blanca en la zona abdominal. Aparentemente, por la profundidad de la lesi\u00f3n, los m\u00e9dicos no pudieron hacer nada &hellip;<\/p>\n","protected":false},"author":2,"featured_media":55188,"comment_status":"open","ping_status":"open","sticky":false,"template":"","format":"standard","meta":{"_jetpack_memberships_contains_paid_content":false,"footnotes":"","jetpack_publicize_message":"","jetpack_publicize_feature_enabled":true,"jetpack_social_post_already_shared":true,"jetpack_social_options":{"image_generator_settings":{"template":"highway","default_image_id":0,"font":"","enabled":false},"version":2}},"categories":[5,8],"tags":[],"class_list":["post-55187","post","type-post","status-publish","format-standard","has-post-thumbnail","hentry","category-chaco","category-policiales"],"jetpack_publicize_connections":[],"jetpack_featured_media_url":"https:\/\/portalmovil.com.ar\/wp-content\/uploads\/2022\/04\/100157.jpg_gde-800x445-1-800x445-1-768x427-1.jpg","jetpack_sharing_enabled":true,"amp_enabled":true,"_links":{"self":[{"href":"https:\/\/portalmovil.com.ar\/index.php\/wp-json\/wp\/v2\/posts\/55187","targetHints":{"allow":["GET"]}}],"collection":[{"href":"https:\/\/portalmovil.com.ar\/index.php\/wp-json\/wp\/v2\/posts"}],"about":[{"href":"https:\/\/portalmovil.com.ar\/index.php\/wp-json\/wp\/v2\/types\/post"}],"author":[{"embeddable":true,"href":"https:\/\/portalmovil.com.ar\/index.php\/wp-json\/wp\/v2\/users\/2"}],"replies":[{"embeddable":true,"href":"https:\/\/portalmovil.com.ar\/index.php\/wp-json\/wp\/v2\/comments?post=55187"}],"version-history":[{"count":1,"href":"https:\/\/portalmovil.com.ar\/index.php\/wp-json\/wp\/v2\/posts\/55187\/revisions"}],"predecessor-version":[{"id":55189,"href":"https:\/\/portalmovil.com.ar\/index.php\/wp-json\/wp\/v2\/posts\/55187\/revisions\/55189"}],"wp:featuredmedia":[{"embeddable":true,"href":"https:\/\/portalmovil.com.ar\/index.php\/wp-json\/wp\/v2\/media\/55188"}],"wp:attachment":[{"href":"https:\/\/portalmovil.com.ar\/index.php\/wp-json\/wp\/v2\/media?parent=55187"}],"wp:term":[{"taxonomy":"category","embeddable":true,"href":"https:\/\/portalmovil.com.ar\/index.php\/wp-json\/wp\/v2\/categories?post=55187"},{"taxonomy":"post_tag","embeddable":true,"href":"https:\/\/portalmovil.com.ar\/index.php\/wp-json\/wp\/v2\/tags?post=55187"}],"curies":[{"name":"wp","href":"https:\/\/api.w.org\/{rel}","templated":true}]}}