{"id":55145,"date":"2022-04-22T16:26:31","date_gmt":"2022-04-22T19:26:31","guid":{"rendered":"https:\/\/portalmovil.com.ar\/?p=55145"},"modified":"2022-04-22T16:26:34","modified_gmt":"2022-04-22T19:26:34","slug":"esta-vladimir-putin-enfermo-sus-escasas-apariciones-desatan-rumores-de-enfermedad","status":"publish","type":"post","link":"https:\/\/portalmovil.com.ar\/index.php\/2022\/04\/22\/esta-vladimir-putin-enfermo-sus-escasas-apariciones-desatan-rumores-de-enfermedad\/","title":{"rendered":"\u00bfEst\u00e1 Vlad\u00edmir Putin enfermo? Sus escasas apariciones desatan rumores de enfermedad"},"content":{"rendered":"\n<p>El presidente de Rusia,\u00a0Vladimir Putin, ha despertado todas las dudas sobre su\u00a0<strong>estado de salud<\/strong>\u00a0tras aparecer en un v\u00eddeo oficial con una actitud y postura poco com\u00fan. Durante una reuni\u00f3n con el ministro de Defensa ruso, Sergu\u00e9i Shoig\u00fa, se ve al mandatario\u00a0<strong>agarrar con fuerza el borde de la mesa<\/strong>, lo que ha levantado las sospechas de que podr\u00eda estar intentando ocultar que sufre\u00a0<strong>Parkinson<\/strong>. Se trata de una enfermedad del sistema nervioso que afecta al movimiento y que,\u00a0seg\u00fan<strong>\u00a0medios locales<\/strong>, arrastra desde hace a\u00f1os Putin.<\/p>\n\n\n\n<p>As\u00ed ha trascendido en las redes sociales, donde cientos de usuarios se han hecho eco de una\u00a0<strong>noticia emitida en la televisi\u00f3n rusa<\/strong>. En ella se muestra una reuni\u00f3n entre ambos mandatarios en el Kremlim, donde han asegurado que\u00a0<strong>Mariupol est\u00e1 \u2018\u2019liberada\u2019\u2019<\/strong>, a excepci\u00f3n de los m\u00e1s de 2.000 \u2018\u2019nacionalistas\u2019\u2019 escondidos en la planta sider\u00fargica de Azovstal.<\/p>\n\n\n\n<p>Lo llamativo de esta imagen es la\u00a0<strong>actitud y el lenguaje corporal<\/strong>\u00a0que muestra Putin, que agarra el borde de la mesa con contundencia\u00a0<strong>durante m\u00e1s de 15 minutos<\/strong>. Adem\u00e1s, aparece con cara muy seria, encorvado y con un aspecto que podr\u00eda indicar incomodidad. As\u00ed lo han expresado algunos\u00a0<em>tuiteros<\/em>, que han apuntado que este v\u00eddeo podr\u00eda confirmar la\u00a0<strong>supuesta enfermedad<\/strong>\u00a0del presidente de Rusia.\u00a0<\/p>\n\n\n\n<figure class=\"wp-block-embed is-type-rich is-provider-twitter wp-block-embed-twitter\"><div class=\"wp-block-embed__wrapper\">\nhttps:\/\/twitter.com\/CanadianUkrain1\/status\/1517040544710594560?t=bM07WqhbOLkw22MNRsdHIg&#038;s=19\n<\/div><\/figure>\n","protected":false},"excerpt":{"rendered":"<p>El presidente de Rusia,\u00a0Vladimir Putin, ha despertado todas las dudas sobre su\u00a0estado de salud\u00a0tras aparecer en un v\u00eddeo oficial con una actitud y postura poco com\u00fan. Durante una reuni\u00f3n con el ministro de Defensa ruso, Sergu\u00e9i Shoig\u00fa, se ve al mandatario\u00a0agarrar con fuerza el borde de la mesa, lo que ha levantado las sospechas de &hellip;<\/p>\n","protected":false},"author":2,"featured_media":55146,"comment_status":"open","ping_status":"open","sticky":false,"template":"","format":"standard","meta":{"_jetpack_memberships_contains_paid_content":false,"footnotes":"","jetpack_publicize_message":"","jetpack_publicize_feature_enabled":true,"jetpack_social_post_already_shared":true,"jetpack_social_options":{"image_generator_settings":{"template":"highway","default_image_id":0,"font":"","enabled":false},"version":2}},"categories":[17,12],"tags":[],"class_list":["post-55145","post","type-post","status-publish","format-standard","has-post-thumbnail","hentry","category-mundo","category-ultimo"],"jetpack_publicize_connections":[],"jetpack_featured_media_url":"https:\/\/portalmovil.com.ar\/wp-content\/uploads\/2022\/04\/232.jpeg","jetpack_sharing_enabled":true,"amp_enabled":true,"_links":{"self":[{"href":"https:\/\/portalmovil.com.ar\/index.php\/wp-json\/wp\/v2\/posts\/55145","targetHints":{"allow":["GET"]}}],"collection":[{"href":"https:\/\/portalmovil.com.ar\/index.php\/wp-json\/wp\/v2\/posts"}],"about":[{"href":"https:\/\/portalmovil.com.ar\/index.php\/wp-json\/wp\/v2\/types\/post"}],"author":[{"embeddable":true,"href":"https:\/\/portalmovil.com.ar\/index.php\/wp-json\/wp\/v2\/users\/2"}],"replies":[{"embeddable":true,"href":"https:\/\/portalmovil.com.ar\/index.php\/wp-json\/wp\/v2\/comments?post=55145"}],"version-history":[{"count":1,"href":"https:\/\/portalmovil.com.ar\/index.php\/wp-json\/wp\/v2\/posts\/55145\/revisions"}],"predecessor-version":[{"id":55147,"href":"https:\/\/portalmovil.com.ar\/index.php\/wp-json\/wp\/v2\/posts\/55145\/revisions\/55147"}],"wp:featuredmedia":[{"embeddable":true,"href":"https:\/\/portalmovil.com.ar\/index.php\/wp-json\/wp\/v2\/media\/55146"}],"wp:attachment":[{"href":"https:\/\/portalmovil.com.ar\/index.php\/wp-json\/wp\/v2\/media?parent=55145"}],"wp:term":[{"taxonomy":"category","embeddable":true,"href":"https:\/\/portalmovil.com.ar\/index.php\/wp-json\/wp\/v2\/categories?post=55145"},{"taxonomy":"post_tag","embeddable":true,"href":"https:\/\/portalmovil.com.ar\/index.php\/wp-json\/wp\/v2\/tags?post=55145"}],"curies":[{"name":"wp","href":"https:\/\/api.w.org\/{rel}","templated":true}]}}