{"id":55108,"date":"2022-04-22T09:47:46","date_gmt":"2022-04-22T12:47:46","guid":{"rendered":"https:\/\/portalmovil.com.ar\/?p=55108"},"modified":"2022-04-22T09:47:54","modified_gmt":"2022-04-22T12:47:54","slug":"capitanich-se-fue-hasta-washington-y-se-reune-con-fondos-de-inversion","status":"publish","type":"post","link":"https:\/\/portalmovil.com.ar\/index.php\/2022\/04\/22\/capitanich-se-fue-hasta-washington-y-se-reune-con-fondos-de-inversion\/","title":{"rendered":"Capitanich se fue hasta Washington y se re\u00fane con fondos de inversi\u00f3n"},"content":{"rendered":"\n<p>El gobernador Jorge Capitanich inici\u00f3 agenda de reuniones en la Embajada Argentina en Washington (Estados Unidos de Norteam\u00e9rica) con representantes de la Rep\u00fablica Argentina en los organismos internacionales de cr\u00e9dito. A trav\u00e9s de sus redes sociales, el mandatario provincial explic\u00f3 que el &nbsp;objeto de estos encuentros es ejecutar programas de financiamiento en materia de redes de agua potable, cloacas, rutas y gesti\u00f3n integral de residuos s\u00f3lidos urbanos<\/p>\n\n\n\n<p>\u201cMa\u00f1ana (viernes 22 de abril) expondremos a las 14,30 horas ante fondos de inversi\u00f3n para la emisi\u00f3n de un activo digital que promueve la protecci\u00f3n ambiental, la equidad social y las finanzas sostenibles\u201d, asegur\u00f3 el titular del Ejecutivo provincial desde ese pa\u00eds del norte del Continente. Y concluy\u00f3: \u201cMantendremos un encuentro con el embajador Jorge Arguello para potenciar el desarrollo de exportaciones de productos chaque\u00f1os para cerrar con una reuni\u00f3n con directores del BIRF en donde expondremos el plan de infraestructura de la provincia y las potencialidades del corredor bioce\u00e1nico norte\u201d.<\/p>\n","protected":false},"excerpt":{"rendered":"<p>El gobernador Jorge Capitanich inici\u00f3 agenda de reuniones en la Embajada Argentina en Washington (Estados Unidos de Norteam\u00e9rica) con representantes de la Rep\u00fablica Argentina en los organismos internacionales de cr\u00e9dito. A trav\u00e9s de sus redes sociales, el mandatario provincial explic\u00f3 que el &nbsp;objeto de estos encuentros es ejecutar programas de financiamiento en materia de redes &hellip;<\/p>\n","protected":false},"author":2,"featured_media":55109,"comment_status":"open","ping_status":"open","sticky":false,"template":"","format":"standard","meta":{"_jetpack_memberships_contains_paid_content":false,"footnotes":"","jetpack_publicize_message":"","jetpack_publicize_feature_enabled":true,"jetpack_social_post_already_shared":true,"jetpack_social_options":{"image_generator_settings":{"template":"highway","default_image_id":0,"font":"","enabled":false},"version":2}},"categories":[5,14,12],"tags":[],"class_list":["post-55108","post","type-post","status-publish","format-standard","has-post-thumbnail","hentry","category-chaco","category-politica","category-ultimo"],"jetpack_publicize_connections":[],"jetpack_featured_media_url":"https:\/\/portalmovil.com.ar\/wp-content\/uploads\/2022\/04\/cokiiiiii.png","jetpack_sharing_enabled":true,"amp_enabled":true,"_links":{"self":[{"href":"https:\/\/portalmovil.com.ar\/index.php\/wp-json\/wp\/v2\/posts\/55108","targetHints":{"allow":["GET"]}}],"collection":[{"href":"https:\/\/portalmovil.com.ar\/index.php\/wp-json\/wp\/v2\/posts"}],"about":[{"href":"https:\/\/portalmovil.com.ar\/index.php\/wp-json\/wp\/v2\/types\/post"}],"author":[{"embeddable":true,"href":"https:\/\/portalmovil.com.ar\/index.php\/wp-json\/wp\/v2\/users\/2"}],"replies":[{"embeddable":true,"href":"https:\/\/portalmovil.com.ar\/index.php\/wp-json\/wp\/v2\/comments?post=55108"}],"version-history":[{"count":1,"href":"https:\/\/portalmovil.com.ar\/index.php\/wp-json\/wp\/v2\/posts\/55108\/revisions"}],"predecessor-version":[{"id":55110,"href":"https:\/\/portalmovil.com.ar\/index.php\/wp-json\/wp\/v2\/posts\/55108\/revisions\/55110"}],"wp:featuredmedia":[{"embeddable":true,"href":"https:\/\/portalmovil.com.ar\/index.php\/wp-json\/wp\/v2\/media\/55109"}],"wp:attachment":[{"href":"https:\/\/portalmovil.com.ar\/index.php\/wp-json\/wp\/v2\/media?parent=55108"}],"wp:term":[{"taxonomy":"category","embeddable":true,"href":"https:\/\/portalmovil.com.ar\/index.php\/wp-json\/wp\/v2\/categories?post=55108"},{"taxonomy":"post_tag","embeddable":true,"href":"https:\/\/portalmovil.com.ar\/index.php\/wp-json\/wp\/v2\/tags?post=55108"}],"curies":[{"name":"wp","href":"https:\/\/api.w.org\/{rel}","templated":true}]}}