{"id":54953,"date":"2022-04-20T13:13:58","date_gmt":"2022-04-20T16:13:58","guid":{"rendered":"https:\/\/portalmovil.com.ar\/?p=54953"},"modified":"2022-04-20T13:13:59","modified_gmt":"2022-04-20T16:13:59","slug":"magda-ayala-participo-de-la-reunion-del-consejo-economico-y-social","status":"publish","type":"post","link":"https:\/\/portalmovil.com.ar\/index.php\/2022\/04\/20\/magda-ayala-participo-de-la-reunion-del-consejo-economico-y-social\/","title":{"rendered":"Magda Ayala particip\u00f3 de la reuni\u00f3n del Consejo Econ\u00f3mico y Social"},"content":{"rendered":"\n<p>La intendente Magda Ayala particip\u00f3 de la apertura de la Asamblea del Consejo Econ\u00f3mico y Social, junto al gobernador de la provincia Jorge Milton Capitanich, la vicegobernadora Anal\u00eda Rach Quiroga, el secretario de Asuntos Estrat\u00e9gicos de la Naci\u00f3n Gustavo Beliz, y m\u00faltiples referentes de distintos espacios, bajo el lema \u201cConstruyendo, desde el Norte Grande, la Argentina querida\u201d.<\/p>\n\n\n\n<p>Dicho Consejo es promotor de una cultura de encuentro que convoca a todos los sectores para trabajar con una mirada federal, pensando a este concepto desde la revoluci\u00f3n digital y la difusi\u00f3n masiva de t\u00e9cnicas productivas innovadoras con base en recursos naturales. Adem\u00e1s, este di\u00e1logo se impulsa con un enfoque hacia una comunidad organizada, que permita fortalecer el desarrollo integral, para alcanzar una transformaci\u00f3n social estructural.<\/p>\n\n\n\n<p>\u201cEste encuentro fue un inicio para articular desde cada espacio, con el principal objetivo de continuar con el di\u00e1logo multisectorial que posibilite alcanzar consensos y poder materializarlo a trav\u00e9s de planificaciones y acciones concretas sobre tem\u00e1ticas puntuales, entre ellas, innovaciones para la producci\u00f3n y el trabajo, finanzas sostenibles, y tierras para el desarrollo humano integral\u201d, detall\u00f3 la intendente Magda Ayala.<\/p>\n","protected":false},"excerpt":{"rendered":"<p>La intendente Magda Ayala particip\u00f3 de la apertura de la Asamblea del Consejo Econ\u00f3mico y Social, junto al gobernador de la provincia Jorge Milton Capitanich, la vicegobernadora Anal\u00eda Rach Quiroga, el secretario de Asuntos Estrat\u00e9gicos de la Naci\u00f3n Gustavo Beliz, y m\u00faltiples referentes de distintos espacios, bajo el lema \u201cConstruyendo, desde el Norte Grande, la &hellip;<\/p>\n","protected":false},"author":2,"featured_media":54954,"comment_status":"open","ping_status":"open","sticky":false,"template":"","format":"standard","meta":{"_jetpack_memberships_contains_paid_content":false,"footnotes":"","jetpack_publicize_message":"","jetpack_publicize_feature_enabled":true,"jetpack_social_post_already_shared":true,"jetpack_social_options":{"image_generator_settings":{"template":"highway","default_image_id":0,"font":"","enabled":false},"version":2}},"categories":[28,5],"tags":[],"class_list":["post-54953","post","type-post","status-publish","format-standard","has-post-thumbnail","hentry","category-actualidad","category-chaco"],"jetpack_publicize_connections":[],"jetpack_featured_media_url":"https:\/\/portalmovil.com.ar\/wp-content\/uploads\/2022\/04\/IMG-20220420-WA0061.jpg","jetpack_sharing_enabled":true,"amp_enabled":true,"_links":{"self":[{"href":"https:\/\/portalmovil.com.ar\/index.php\/wp-json\/wp\/v2\/posts\/54953","targetHints":{"allow":["GET"]}}],"collection":[{"href":"https:\/\/portalmovil.com.ar\/index.php\/wp-json\/wp\/v2\/posts"}],"about":[{"href":"https:\/\/portalmovil.com.ar\/index.php\/wp-json\/wp\/v2\/types\/post"}],"author":[{"embeddable":true,"href":"https:\/\/portalmovil.com.ar\/index.php\/wp-json\/wp\/v2\/users\/2"}],"replies":[{"embeddable":true,"href":"https:\/\/portalmovil.com.ar\/index.php\/wp-json\/wp\/v2\/comments?post=54953"}],"version-history":[{"count":1,"href":"https:\/\/portalmovil.com.ar\/index.php\/wp-json\/wp\/v2\/posts\/54953\/revisions"}],"predecessor-version":[{"id":54955,"href":"https:\/\/portalmovil.com.ar\/index.php\/wp-json\/wp\/v2\/posts\/54953\/revisions\/54955"}],"wp:featuredmedia":[{"embeddable":true,"href":"https:\/\/portalmovil.com.ar\/index.php\/wp-json\/wp\/v2\/media\/54954"}],"wp:attachment":[{"href":"https:\/\/portalmovil.com.ar\/index.php\/wp-json\/wp\/v2\/media?parent=54953"}],"wp:term":[{"taxonomy":"category","embeddable":true,"href":"https:\/\/portalmovil.com.ar\/index.php\/wp-json\/wp\/v2\/categories?post=54953"},{"taxonomy":"post_tag","embeddable":true,"href":"https:\/\/portalmovil.com.ar\/index.php\/wp-json\/wp\/v2\/tags?post=54953"}],"curies":[{"name":"wp","href":"https:\/\/api.w.org\/{rel}","templated":true}]}}