{"id":54906,"date":"2022-04-19T19:32:44","date_gmt":"2022-04-19T22:32:44","guid":{"rendered":"https:\/\/portalmovil.com.ar\/?p=54906"},"modified":"2022-04-19T19:32:47","modified_gmt":"2022-04-19T22:32:47","slug":"lanzaron-el-plan-1000-dias-chaco-2022","status":"publish","type":"post","link":"https:\/\/portalmovil.com.ar\/index.php\/2022\/04\/19\/lanzaron-el-plan-1000-dias-chaco-2022\/","title":{"rendered":"Lanzaron el Plan 1000 D\u00edas Chaco 2022"},"content":{"rendered":"\n<p>El Gobierno provincial present\u00f3 el plan 1.000 D\u00edas Chaco 2022 en el sal\u00f3n Casablanca del Hotel Amerian con la presencia de autoridades del Ministerio de Salud de la Naci\u00f3n. Se trata de la ley 27.611 de atenci\u00f3n y cuidado integral de la salud durante el embarazo y la primera infancia, que tiene como objetivos favorecer el acompa\u00f1amiento, protecci\u00f3n y cuidado integral de la salud y la vida de las personas gestantes, de los ni\u00f1os y ni\u00f1as en los primeros tres a\u00f1os de vida.&nbsp;&nbsp;<\/p>\n\n\n\n<p>La jornada se realiz\u00f3 con la presencia de la directora de Salud Perinatal y Ni\u00f1ez de la Naci\u00f3n, Gabriela Bauer, y la coordinadora de la Unidad 1000 D\u00edas, Patricia Rosemberg, entre otros representantes de la comitiva del Ministerio de Salud de la Naci\u00f3n. En representaci\u00f3n del Ministerio de Salud P\u00fablica del Chaco participaron el subsecretario de Promoci\u00f3n de la Salud, Facundo Pujalte, y la directora de Materno e Infancia del Chaco, Maria P\u00eda Chocobar, junto a otras autoridades y agentes sanitarios provinciales.<\/p>\n\n\n\n<p>\u00abChaco es la segunda provincia que visitamos para construir pol\u00edticas en conjunto en el marco de esta que es una Ley que naci\u00f3 en plena pandemia, en diciembre de 2020. Es una norma hermana de la Ley de IVE, que viene ampliar derechos con pol\u00edticas integrales para las personas gestantes y los ni\u00f1os y ni\u00f1as durante los primeros tres a\u00f1os de su vida\u00bb, indic\u00f3 Bauer y a su vez destac\u00f3 que \u00abla Ley 27611 se reglament\u00f3 en seis meses, que para una norma de esta complejidad y en tiempos de pandemia, es algo as\u00ed como un r\u00e9cord\u00bb.&nbsp;<\/p>\n\n\n\n<p><strong>Acceso a derechos: identidad, seguridad social y cuidado integral de la salud<\/strong><\/p>\n\n\n\n<p>La directora de Salud Perinatal y Ni\u00f1ez de la Naci\u00f3n se refiri\u00f3 a \u00abtres grandes grupos de pol\u00edticas\u00bb que aborda el Plan 1000 D\u00edas: derecho a la identidadseguridad social; y cuidado integral de la salud.<\/p>\n\n\n\n<p>Acerca del derecho a la identidad, se refiri\u00f3 a la mejora \u00abde todos los sistemas de identidad e identificaci\u00f3n, para garantizar que cada persona tenga garantizado su nombre y su apellido, qui\u00e9n es y d\u00f3nde est\u00e1 parado en la vida\u00bb.&nbsp;<\/p>\n\n\n\n<p>A prop\u00f3sito de la seguridad social, explic\u00f3 la intervenci\u00f3n, \u00abmediante la ampliaci\u00f3n de seis a nueve de las asignaciones por embarazo\u00bb, y adem\u00e1s que \u00abse agrega una asignaci\u00f3n muy importante que es la asignaci\u00f3n por cuidado de la salud lo que implica que empecemos a reconocer que cuidar a un hijo o una hija en su salud, llevarlo a un centro de salud, procurar sus vacunas, llevar a consulta cuando hay sospecha de alg\u00fan problema o enfermedad, es una tarea de cuidado que debe ser entendida como de alto valor, lo que se evidenci\u00f3 a\u00fan m\u00e1s durante la pandemia\u00bb.<\/p>\n\n\n\n<p>En tercer lugar, en cuanto al cuidado integral de la salud, explic\u00f3 que \u00abdebe abordarse no solo desde el sector de salud, ya que a los ni\u00f1os y ni\u00f1as los cuidan sus cuidadores principales, sus madres, padres y familias, y tambi\u00e9n todos quienes acompa\u00f1an esas trayectorias de crianzas\u00bb.&nbsp;<\/p>\n\n\n\n<p>En ese terreno, \u00abaparecen los centros de salud, los equipos comunitarios, los centros de integraci\u00f3n comunitaria, los centros de desarrollo infantil, los espacios de cuidado, muchos sectores que habitualmente se han ido como atomizando brindando una respuesta parcial; y la idea de 1.000 D\u00edas es ver c\u00f3mo nos juntamos desde el Estado nacional, provincial y municipal para cuidar mejor y m\u00e1s integralmente que las pol\u00edticas le lleguen todas a la comunidad porque as\u00ed vamos a ser m\u00e1s eficientes\u00bb, remarc\u00f3 la funcionaria nacional.&nbsp; &nbsp;<\/p>\n","protected":false},"excerpt":{"rendered":"<p>El Gobierno provincial present\u00f3 el plan 1.000 D\u00edas Chaco 2022 en el sal\u00f3n Casablanca del Hotel Amerian con la presencia de autoridades del Ministerio de Salud de la Naci\u00f3n. Se trata de la ley 27.611 de atenci\u00f3n y cuidado integral de la salud durante el embarazo y la primera infancia, que tiene como objetivos favorecer &hellip;<\/p>\n","protected":false},"author":2,"featured_media":54907,"comment_status":"open","ping_status":"open","sticky":false,"template":"","format":"standard","meta":{"_jetpack_memberships_contains_paid_content":false,"footnotes":"","jetpack_publicize_message":"","jetpack_publicize_feature_enabled":true,"jetpack_social_post_already_shared":true,"jetpack_social_options":{"image_generator_settings":{"template":"highway","default_image_id":0,"font":"","enabled":false},"version":2}},"categories":[5,46,12],"tags":[],"class_list":["post-54906","post","type-post","status-publish","format-standard","has-post-thumbnail","hentry","category-chaco","category-salud","category-ultimo"],"jetpack_publicize_connections":[],"jetpack_featured_media_url":"https:\/\/portalmovil.com.ar\/wp-content\/uploads\/2022\/04\/7cd6bbad5cc06fb9ac300cca0be41453.jpg","jetpack_sharing_enabled":true,"amp_enabled":true,"_links":{"self":[{"href":"https:\/\/portalmovil.com.ar\/index.php\/wp-json\/wp\/v2\/posts\/54906","targetHints":{"allow":["GET"]}}],"collection":[{"href":"https:\/\/portalmovil.com.ar\/index.php\/wp-json\/wp\/v2\/posts"}],"about":[{"href":"https:\/\/portalmovil.com.ar\/index.php\/wp-json\/wp\/v2\/types\/post"}],"author":[{"embeddable":true,"href":"https:\/\/portalmovil.com.ar\/index.php\/wp-json\/wp\/v2\/users\/2"}],"replies":[{"embeddable":true,"href":"https:\/\/portalmovil.com.ar\/index.php\/wp-json\/wp\/v2\/comments?post=54906"}],"version-history":[{"count":1,"href":"https:\/\/portalmovil.com.ar\/index.php\/wp-json\/wp\/v2\/posts\/54906\/revisions"}],"predecessor-version":[{"id":54908,"href":"https:\/\/portalmovil.com.ar\/index.php\/wp-json\/wp\/v2\/posts\/54906\/revisions\/54908"}],"wp:featuredmedia":[{"embeddable":true,"href":"https:\/\/portalmovil.com.ar\/index.php\/wp-json\/wp\/v2\/media\/54907"}],"wp:attachment":[{"href":"https:\/\/portalmovil.com.ar\/index.php\/wp-json\/wp\/v2\/media?parent=54906"}],"wp:term":[{"taxonomy":"category","embeddable":true,"href":"https:\/\/portalmovil.com.ar\/index.php\/wp-json\/wp\/v2\/categories?post=54906"},{"taxonomy":"post_tag","embeddable":true,"href":"https:\/\/portalmovil.com.ar\/index.php\/wp-json\/wp\/v2\/tags?post=54906"}],"curies":[{"name":"wp","href":"https:\/\/api.w.org\/{rel}","templated":true}]}}