{"id":54878,"date":"2022-04-19T16:07:07","date_gmt":"2022-04-19T19:07:07","guid":{"rendered":"https:\/\/portalmovil.com.ar\/?p=54878"},"modified":"2022-04-19T16:07:10","modified_gmt":"2022-04-19T19:07:10","slug":"una-mujer-denuncio-a-su-vecino-porque-hace-asado-todos-los-dias","status":"publish","type":"post","link":"https:\/\/portalmovil.com.ar\/index.php\/2022\/04\/19\/una-mujer-denuncio-a-su-vecino-porque-hace-asado-todos-los-dias\/","title":{"rendered":"Una mujer denunci\u00f3 a su vecino porque \u201chace asado todos los d\u00edas\u201d"},"content":{"rendered":"\n<p>Una ins\u00f3lita disputa se produjo entre vecinos de Villa Mar\u00eda,\u00a0C\u00f3rdoba, porque uno de ellos \u201c\u00a0hace\u00a0asado\u00a0todos los d\u00edas\u201d. La\u00a0denuncia\u00a0formal lleg\u00f3 a la\u00a0Defensor\u00eda del Pueblo, que tuvo que intervenir a pedido de una de las partes.<\/p>\n\n\n\n<p>El conflicto se produjo entre dos vecinos que viven en casas continuas en el barrio Lamadrid. Uno de ellos present\u00f3 una denuncia formal en la Defensor\u00eda del Pueblo tras asegurar que le hab\u00eda pedido a su vecino que dejara de comer asados todos los d\u00edas.<\/p>\n\n\n\n<p>El principal conflicto es&nbsp;<strong>el humo que genera el fuego&nbsp;<\/strong>y que llega al pario de al lado, adem\u00e1s de<strong>&nbsp;los ruidos molestos<\/strong>&nbsp;ocasionados por quienes se re\u00fanen en el lugar, inform\u00f3 el sitio local VillaMariaYa.<\/p>\n\n\n\n<figure class=\"wp-block-image\"><img decoding=\"async\" src=\"https:\/\/media.minutouno.com\/p\/f71bfd2ecfefca5f839d3b1581fd0ed6\/adjuntos\/150\/imagenes\/039\/793\/0039793610\/asado.jpg?2022-04-19-15-29-33\" alt=\"\"\/><\/figure>\n\n\n\n<p>La denuncia fue recibida por la Defensor\u00eda del Pueblo que concluy\u00f3 que al vecino \u201c<strong>le molesta el simple hecho de que coman asado<\/strong>\u201d.<\/p>\n\n\n\n<p>\u201c<strong>A esa hora no tiene la ropa en la soga, le molesta que coman asado<\/strong>. Vamos a tener que llamar al vecino.\u00a0<strong>Una de las soluciones ser\u00eda que la inviten de vez en cuando<\/strong>. He hablado con los vecinos, y van a venir\u201d, espec\u00edfico Alicia Peressutti, defensora del Pueblo de Villa Mar\u00eda, a Cadena 3.<\/p>\n\n\n\n<p>\u201c<strong>No hay mucho para hacer, que ella se lleve un pedacito de falda, y que coma<\/strong>\u201d, agreg\u00f3 Peressutti.<\/p>\n","protected":false},"excerpt":{"rendered":"<p>Una ins\u00f3lita disputa se produjo entre vecinos de Villa Mar\u00eda,\u00a0C\u00f3rdoba, porque uno de ellos \u201c\u00a0hace\u00a0asado\u00a0todos los d\u00edas\u201d. La\u00a0denuncia\u00a0formal lleg\u00f3 a la\u00a0Defensor\u00eda del Pueblo, que tuvo que intervenir a pedido de una de las partes. El conflicto se produjo entre dos vecinos que viven en casas continuas en el barrio Lamadrid. Uno de ellos present\u00f3 una &hellip;<\/p>\n","protected":false},"author":2,"featured_media":54879,"comment_status":"open","ping_status":"open","sticky":false,"template":"","format":"standard","meta":{"_jetpack_memberships_contains_paid_content":false,"footnotes":"","jetpack_publicize_message":"","jetpack_publicize_feature_enabled":true,"jetpack_social_post_already_shared":true,"jetpack_social_options":{"image_generator_settings":{"template":"highway","default_image_id":0,"font":"","enabled":false},"version":2}},"categories":[639,3],"tags":[],"class_list":["post-54878","post","type-post","status-publish","format-standard","has-post-thumbnail","hentry","category-argentina","category-sociedad"],"jetpack_publicize_connections":[],"jetpack_featured_media_url":"https:\/\/portalmovil.com.ar\/wp-content\/uploads\/2022\/04\/Asado-Argentino.jpg","jetpack_sharing_enabled":true,"amp_enabled":true,"_links":{"self":[{"href":"https:\/\/portalmovil.com.ar\/index.php\/wp-json\/wp\/v2\/posts\/54878","targetHints":{"allow":["GET"]}}],"collection":[{"href":"https:\/\/portalmovil.com.ar\/index.php\/wp-json\/wp\/v2\/posts"}],"about":[{"href":"https:\/\/portalmovil.com.ar\/index.php\/wp-json\/wp\/v2\/types\/post"}],"author":[{"embeddable":true,"href":"https:\/\/portalmovil.com.ar\/index.php\/wp-json\/wp\/v2\/users\/2"}],"replies":[{"embeddable":true,"href":"https:\/\/portalmovil.com.ar\/index.php\/wp-json\/wp\/v2\/comments?post=54878"}],"version-history":[{"count":1,"href":"https:\/\/portalmovil.com.ar\/index.php\/wp-json\/wp\/v2\/posts\/54878\/revisions"}],"predecessor-version":[{"id":54880,"href":"https:\/\/portalmovil.com.ar\/index.php\/wp-json\/wp\/v2\/posts\/54878\/revisions\/54880"}],"wp:featuredmedia":[{"embeddable":true,"href":"https:\/\/portalmovil.com.ar\/index.php\/wp-json\/wp\/v2\/media\/54879"}],"wp:attachment":[{"href":"https:\/\/portalmovil.com.ar\/index.php\/wp-json\/wp\/v2\/media?parent=54878"}],"wp:term":[{"taxonomy":"category","embeddable":true,"href":"https:\/\/portalmovil.com.ar\/index.php\/wp-json\/wp\/v2\/categories?post=54878"},{"taxonomy":"post_tag","embeddable":true,"href":"https:\/\/portalmovil.com.ar\/index.php\/wp-json\/wp\/v2\/tags?post=54878"}],"curies":[{"name":"wp","href":"https:\/\/api.w.org\/{rel}","templated":true}]}}