{"id":54856,"date":"2022-04-19T10:21:44","date_gmt":"2022-04-19T13:21:44","guid":{"rendered":"https:\/\/portalmovil.com.ar\/?p=54856"},"modified":"2022-04-19T10:21:46","modified_gmt":"2022-04-19T13:21:46","slug":"se-viene-una-nueva-fecha-del-zonal-de-automovilismo-en-el-renovado-autodromo-yaco-guarnieri","status":"publish","type":"post","link":"https:\/\/portalmovil.com.ar\/index.php\/2022\/04\/19\/se-viene-una-nueva-fecha-del-zonal-de-automovilismo-en-el-renovado-autodromo-yaco-guarnieri\/","title":{"rendered":"Se viene una nueva fecha del Zonal de automovilismo en el renovado aut\u00f3dromo Yaco Guarnieri"},"content":{"rendered":"\n<p>El s\u00e1bado 23 y el domingo 24 de abril, desde las 9 de la ma\u00f1ana, Resistencia recibir\u00e1 la segunda fecha del Campeonato Zonal de Automovilismo Chaque\u00f1o y Santafesino, en el Aut\u00f3dromo Yaco Guarnieri. La entrada ser\u00e1 libre y gratuita para todos los asistentes y habr\u00e1 feria de emprendedores con gastron\u00f3micos, cerveceros y m\u00fasica.<\/p>\n\n\n\n<p>Los corredores competir\u00e1n en las categor\u00edas clase 1, 2 y TC 4000, TC Chaque\u00f1o, TC 4000, F\u00f3rmula del Noreste De Santa Fe y F.CH.A.D. El s\u00e1bado se desarrollar\u00e1n las pruebas de clasificaci\u00f3n y t\u00e9cnica y el domingo se completar\u00e1n las carreras finales.<\/p>\n\n\n\n<p>El subsecretario de Deporte y Actividad F\u00edsica Urbana, Federico Maza, sostuvo que \u201cse espera recibir a mucha gente\u201d, y agreg\u00f3: \u201cOjal\u00e1 que el p\u00fablico venga el fin de semana y disfrute de una feria de emprendedores con gastron\u00f3micos y cerveceros, exposiciones y otros eventos que se llevar\u00e1n adelante\u201d.<\/p>\n\n\n\n<p>Sobre el apoyo que recibi\u00f3 la reapertura de \u201cEl Aut\u00f3dromo del pueblo\u201d, remarc\u00f3 que \u201cnuevas empresas se sumaron y la idea es articular acciones para colaborar con este espacio p\u00fablico\u201d, y ampli\u00f3 diciendo que hubo reuniones \u201ccon autoridades de Derka y Vargas, gente de Toyota, que vendr\u00e1 a aportar y realizar distintas actividades abiertas al p\u00fablico con un stand\u201d.<\/p>\n\n\n\n<p><strong>Recuperaci\u00f3n del Yaco&nbsp;<\/strong><\/p>\n\n\n\n<p>El Aut\u00f3dromo fue recuperado por la actual gesti\u00f3n municipal, con un trabajo planificado que e llev\u00f3 a cabo en pocas semanas. Se realizaron tareas de pintura, desmalezado, reparaci\u00f3n de sanitarios, de la instalaci\u00f3n el\u00e9ctrica y de los sanitarios. Tambi\u00e9n se repar\u00f3 en algunos sectores la pista de carrera y se dispusieron las medidas de seguridad necesarias para que ese espacio pueda volver a funcionar. Qued\u00f3 oficialmente inaugurado el pasado 27 de marzo con la Final del Zonal 2021 y el inicio de la edici\u00f3n 2022 de esa misma competencia.<\/p>\n","protected":false},"excerpt":{"rendered":"<p>El s\u00e1bado 23 y el domingo 24 de abril, desde las 9 de la ma\u00f1ana, Resistencia recibir\u00e1 la segunda fecha del Campeonato Zonal de Automovilismo Chaque\u00f1o y Santafesino, en el Aut\u00f3dromo Yaco Guarnieri. La entrada ser\u00e1 libre y gratuita para todos los asistentes y habr\u00e1 feria de emprendedores con gastron\u00f3micos, cerveceros y m\u00fasica. Los corredores &hellip;<\/p>\n","protected":false},"author":2,"featured_media":54857,"comment_status":"open","ping_status":"open","sticky":false,"template":"","format":"standard","meta":{"_jetpack_memberships_contains_paid_content":false,"footnotes":"","jetpack_publicize_message":"","jetpack_publicize_feature_enabled":true,"jetpack_social_post_already_shared":true,"jetpack_social_options":{"image_generator_settings":{"template":"highway","default_image_id":0,"font":"","enabled":false},"version":2}},"categories":[37],"tags":[],"class_list":["post-54856","post","type-post","status-publish","format-standard","has-post-thumbnail","hentry","category-resistencia"],"jetpack_publicize_connections":[],"jetpack_featured_media_url":"https:\/\/portalmovil.com.ar\/wp-content\/uploads\/2022\/04\/auto-696x522-1.jpg","jetpack_sharing_enabled":true,"amp_enabled":true,"_links":{"self":[{"href":"https:\/\/portalmovil.com.ar\/index.php\/wp-json\/wp\/v2\/posts\/54856","targetHints":{"allow":["GET"]}}],"collection":[{"href":"https:\/\/portalmovil.com.ar\/index.php\/wp-json\/wp\/v2\/posts"}],"about":[{"href":"https:\/\/portalmovil.com.ar\/index.php\/wp-json\/wp\/v2\/types\/post"}],"author":[{"embeddable":true,"href":"https:\/\/portalmovil.com.ar\/index.php\/wp-json\/wp\/v2\/users\/2"}],"replies":[{"embeddable":true,"href":"https:\/\/portalmovil.com.ar\/index.php\/wp-json\/wp\/v2\/comments?post=54856"}],"version-history":[{"count":1,"href":"https:\/\/portalmovil.com.ar\/index.php\/wp-json\/wp\/v2\/posts\/54856\/revisions"}],"predecessor-version":[{"id":54858,"href":"https:\/\/portalmovil.com.ar\/index.php\/wp-json\/wp\/v2\/posts\/54856\/revisions\/54858"}],"wp:featuredmedia":[{"embeddable":true,"href":"https:\/\/portalmovil.com.ar\/index.php\/wp-json\/wp\/v2\/media\/54857"}],"wp:attachment":[{"href":"https:\/\/portalmovil.com.ar\/index.php\/wp-json\/wp\/v2\/media?parent=54856"}],"wp:term":[{"taxonomy":"category","embeddable":true,"href":"https:\/\/portalmovil.com.ar\/index.php\/wp-json\/wp\/v2\/categories?post=54856"},{"taxonomy":"post_tag","embeddable":true,"href":"https:\/\/portalmovil.com.ar\/index.php\/wp-json\/wp\/v2\/tags?post=54856"}],"curies":[{"name":"wp","href":"https:\/\/api.w.org\/{rel}","templated":true}]}}