{"id":54590,"date":"2022-04-12T15:26:06","date_gmt":"2022-04-12T18:26:06","guid":{"rendered":"https:\/\/portalmovil.com.ar\/?p=54590"},"modified":"2022-04-12T15:26:08","modified_gmt":"2022-04-12T18:26:08","slug":"entregaron-creditos-procrear-y-acordaron-mas-viviendas-en-la-rubita","status":"publish","type":"post","link":"https:\/\/portalmovil.com.ar\/index.php\/2022\/04\/12\/entregaron-creditos-procrear-y-acordaron-mas-viviendas-en-la-rubita\/","title":{"rendered":"Entregaron cr\u00e9ditos Procrear y acordaron m\u00e1s viviendas en La Rubita"},"content":{"rendered":"\n<p>El gobernador Jorge Capitanich; la vicegobernadora Anal\u00eda Rach Quiroga y el secretario nacional de Desarrollo Territorial, Luciano Scatolini entregaron hoy 26 cr\u00e9ditos PROCREAR de un total de 170 adjudicatarios y firmaron un convenio para el desarrollo urban\u00edstico de la Chacra 277 (La Rubita 2), una superficie de 36 hect\u00e1reas en Resistencia donde se construir\u00e1n 1.524 viviendas m\u00e1s.<\/p>\n\n\n\n<p>Durante su discurso, el mandatario destac\u00f3 que ya ascienden a cerca de 10 mil los beneficiarios que accedieron a la operatoria que propone el Programa de Cr\u00e8dito Argentino del Bicentenario para la Vivienda \u00danica Familar (PRO.CRE.AR). \u201cEntre las distintas operatorias de construcci\u00f3n de viviendas estamos con una perspectiva cierta de terminar en cuatro a\u00f1os, con 20 mil soluciones habitacionales, un gran impacto\u201d, dijo.<\/p>\n\n\n\n<p>Adem\u00e1s, destac\u00f3 que debido al crecimiento urban\u00edstico, se trabaja en infraestructura social b\u00e1sica para mejorar la prestaci\u00f3n de los servicios. \u201cLa construcci\u00f3n de viviendas exige apertura de calles, agua potable, cloacas, electricidad, fibra \u00f3ptica, etc. Es un gran esfuerzo por parte del estado el disponer de los recursos para su realizaci\u00f3n\u201d, indic\u00f3.&nbsp;<\/p>\n\n\n\n<h3 class=\"wp-block-heading\">M\u00e1s viviendas<\/h3>\n\n\n\n<p>En la oportunidad, se firmaron tambi\u00e9n un convenio marco de compromiso de desarrollo urban\u00edstico para la Chacra 277 de Resistencia, una superficie de 36 hect\u00e1reas donde se construir\u00e1n 1.000 viviendas y se dispondr\u00e1n 524 lotes con servicios lo que conlleva un total de 1524 unidades.<\/p>\n\n\n\n<p>El presupuesto para infraestructura b\u00e1sica de servicios ser\u00e1 de $2.281.835 403 por parte de Naci\u00f3n y se $1.515.428.737 por parte de la Provincia. La ministra de Ambiente y Desarrollo Territorial Sostenible, Marta Soneira, coment\u00f3 que tras la firma se realizar\u00e1 el llamado a licitaci\u00f3n correspondiente para avanzar con el proyecto.<\/p>\n\n\n\n<p>El gobernador hizo un recuento de las obras inscriptas en este programa que se encuentran en desarrollo y pr\u00f3ximas a iniciarse en la provincia citando como ejemplo los 74 departamentos m\u00e1s ocho locales comerciales en S\u00e1enz Pe\u00f1a y el inicio pr\u00f3ximo de 400 departamentos en el ex pedi\u00e1trico en Resistencia, entre otros proyectos. \u201cEstas iniciativas generan empleos para ladrilleros, alba\u00f1iles, carpinteros, una red de 104 gremios e insumos y bienes de origen nacional, que mejora su calidad de vida\u201d, sostuvo.&nbsp;<\/p>\n\n\n\n<p>Por su parte, Scatolini ratific\u00f3 que el Norte grande para el Gobierno nacional es un \u00e1rea central de desarrollo de la Aergentina. \u201cEs decisi\u00f3n de la gesti\u00f3n del presidente Alberto Fern\u00e1ndez avanzar en acciones que transformen la vida de muchas familias, y la mirada estrat\u00e9gica de pensar que las generaciones que nos sucedan puedan gozar de ciudades m\u00e1s amigables e inclusivas\u201d, manifest\u00f3. El funcionario puso en valor la firma del convenio de \u201cun \u00e1rea de crecimiento que tiene Resistencia como es La Rubita, para dar continuidad a la pujanza que comenz\u00f3 con la urbanizaci\u00f3n de esa zona y que se complementar\u00e1 con la construcci\u00f3n de barrios que permitan a m\u00e1s familias acceder a una vivienda digna a partir de un programa como el PRO.CRE.AR\u00bb.&nbsp;<\/p>\n\n\n\n<p>\u00abProcrear volvi\u00f3 a la Argentina luego del gobierno neoliberal que suprimi\u00f3 las pol\u00edticas p\u00fablicas, el aporte de fondos para el desarrollo y construcci\u00f3n para la mejora de la calidad de vida\u201d, asegur\u00f3. Tambi\u00e9n estuvieron presentes el presidente del Instituto Provincial de Desarrollo Urbano y Vivienda (IPDUV), Diego Ar\u00e9valo, el ministro de Planificaci\u00f3n, Econom\u00eda e Infraestructura, Santiago P\u00e9rez Pons, el subsecretario de Ordenamiento Territorial, Alan Strusiat, el secretario de Gesti\u00f3n de Tierras, Leandro Garc\u00eda Arias.<\/p>\n","protected":false},"excerpt":{"rendered":"<p>El gobernador Jorge Capitanich; la vicegobernadora Anal\u00eda Rach Quiroga y el secretario nacional de Desarrollo Territorial, Luciano Scatolini entregaron hoy 26 cr\u00e9ditos PROCREAR de un total de 170 adjudicatarios y firmaron un convenio para el desarrollo urban\u00edstico de la Chacra 277 (La Rubita 2), una superficie de 36 hect\u00e1reas en Resistencia donde se construir\u00e1n 1.524 &hellip;<\/p>\n","protected":false},"author":2,"featured_media":54591,"comment_status":"open","ping_status":"open","sticky":false,"template":"","format":"standard","meta":{"_jetpack_memberships_contains_paid_content":false,"footnotes":"","jetpack_publicize_message":"","jetpack_publicize_feature_enabled":true,"jetpack_social_post_already_shared":true,"jetpack_social_options":{"image_generator_settings":{"template":"highway","default_image_id":0,"font":"","enabled":false},"version":2}},"categories":[5,14,12],"tags":[],"class_list":["post-54590","post","type-post","status-publish","format-standard","has-post-thumbnail","hentry","category-chaco","category-politica","category-ultimo"],"jetpack_publicize_connections":[],"jetpack_featured_media_url":"https:\/\/portalmovil.com.ar\/wp-content\/uploads\/2022\/04\/FB_IMG_1649787841089.jpg","jetpack_sharing_enabled":true,"amp_enabled":true,"_links":{"self":[{"href":"https:\/\/portalmovil.com.ar\/index.php\/wp-json\/wp\/v2\/posts\/54590","targetHints":{"allow":["GET"]}}],"collection":[{"href":"https:\/\/portalmovil.com.ar\/index.php\/wp-json\/wp\/v2\/posts"}],"about":[{"href":"https:\/\/portalmovil.com.ar\/index.php\/wp-json\/wp\/v2\/types\/post"}],"author":[{"embeddable":true,"href":"https:\/\/portalmovil.com.ar\/index.php\/wp-json\/wp\/v2\/users\/2"}],"replies":[{"embeddable":true,"href":"https:\/\/portalmovil.com.ar\/index.php\/wp-json\/wp\/v2\/comments?post=54590"}],"version-history":[{"count":1,"href":"https:\/\/portalmovil.com.ar\/index.php\/wp-json\/wp\/v2\/posts\/54590\/revisions"}],"predecessor-version":[{"id":54592,"href":"https:\/\/portalmovil.com.ar\/index.php\/wp-json\/wp\/v2\/posts\/54590\/revisions\/54592"}],"wp:featuredmedia":[{"embeddable":true,"href":"https:\/\/portalmovil.com.ar\/index.php\/wp-json\/wp\/v2\/media\/54591"}],"wp:attachment":[{"href":"https:\/\/portalmovil.com.ar\/index.php\/wp-json\/wp\/v2\/media?parent=54590"}],"wp:term":[{"taxonomy":"category","embeddable":true,"href":"https:\/\/portalmovil.com.ar\/index.php\/wp-json\/wp\/v2\/categories?post=54590"},{"taxonomy":"post_tag","embeddable":true,"href":"https:\/\/portalmovil.com.ar\/index.php\/wp-json\/wp\/v2\/tags?post=54590"}],"curies":[{"name":"wp","href":"https:\/\/api.w.org\/{rel}","templated":true}]}}