{"id":5456,"date":"2020-04-21T14:15:34","date_gmt":"2020-04-21T17:15:34","guid":{"rendered":"http:\/\/portalmovil.com.ar\/?p=5456"},"modified":"2020-04-21T14:15:41","modified_gmt":"2020-04-21T17:15:41","slug":"fernandez-si-seguimos-por-este-camino-no-tengo-dudas-de-que-tendremos-exito","status":"publish","type":"post","link":"https:\/\/portalmovil.com.ar\/index.php\/2020\/04\/21\/fernandez-si-seguimos-por-este-camino-no-tengo-dudas-de-que-tendremos-exito\/","title":{"rendered":"Fern\u00e1ndez: \u00abSi seguimos por este camino, no tengo dudas de que tendremos \u00e9xito\u00bb"},"content":{"rendered":"\n<p>El presidente Alberto Fern\u00e1ndez afirm\u00f3 este martes que \u201cel coronavirus es un enemigo invisible y por momentos indescifrable, pero lo estamos combatiendo unidos, con compromiso y solidaridad\u201d, y sostuvo que, \u201csi seguimos por este camino\u201d, no tiene dudas de que \u201ctendremos \u00e9xito\u201d.<\/p>\n\n\n\n<p>As\u00ed lo expres\u00f3 en un escrito a modo de balance que comparti\u00f3 esta ma\u00f1ana a trav\u00e9s de las redes sociales, con el t\u00edtulo \u201cUn mes de aislamiento social, preventivo y obligatorio\u201d.<\/p>\n\n\n\n<p>\u201cMientras algunos en el mundo se burlan e ignoran las advertencias de la comunidad m\u00e9dica y cient\u00edfica, nosotros las observamos y comprendemos la necesidad de quedarnos en nuestras casas. Por eso estoy muy orgulloso de nosotros como pueblo y s\u00e9 que, cuando todo esto pase, tendremos la fortaleza necesaria para volver a ponernos de pie\u201d, sostuvo el mandatario en su mensaje.<\/p>\n\n\n\n<p>Al hacer una evaluaci\u00f3n del primer mes de aislamiento obligatorio, que se inici\u00f3 el 20 de marzo y fue prorrogado hasta el pr\u00f3ximo domingo 26, Fern\u00e1ndez agradeci\u00f3 \u201ca las decenas de millones de personas que se quedaron en sus casas e hicieron posible lo que hoy es un orgullo para todos: que el contagio no se dispare y nuestro sistema de salud pueda estar en condiciones de recibir a cada argentino y cada argentina que lo necesite\u201d.<\/p>\n\n\n\n<p>Adem\u00e1s, renov\u00f3 su agradecimiento para los trabajadores de actividades \u201cesenciales\u201d que cumplieron tareas durante este mes, especialmente a los del sector salud, y reiter\u00f3 que de esta pandemia \u201cnadie se salva solo\u201d.<\/p>\n\n\n\n<p>\u201cEl coronavirus es un enemigo invisible y por momentos indescifrable, pero lo estamos combatiendo unidos, con compromiso y solidaridad. Si seguimos por este camino, no tengo dudas de que tendremos \u00e9xito\u201d, indic\u00f3 el mandatario.<\/p>\n\n\n\n<p>En el comienzo del mensaje, el Presidente sostuvo: \u201cLos argentinos cumplimos un mes de aislamiento social preventivo y obligatorio. S\u00e9 que no ha sido f\u00e1cil. Todos debimos alterar el ritmo de nuestras vidas, modificar los h\u00e1bitos de trabajo, posponer planes, suspender estudios, reprogramar viajes y hasta evitar los abrazos y los besos de aquellos a los que amamos\u201d.<\/p>\n\n\n\n<p>En ese plano, manifest\u00f3 saber que la \u201ccuarentena no es f\u00e1cil y que algunos la sufren particularmente\u201d, pero analiz\u00f3 que \u201cnunca debe ser un padecimiento cuidar de nosotros mismos\u201d porque \u201cno tenemos ning\u00fan bien m\u00e1s preciado que nuestras propias vidas\u201d.<\/p>\n\n\n\n<p>\u201cPor eso -remarc\u00f3- estamos haciendo todo lo necesario para que este tiempo de mayores cuidados que debemos transitar nos afecte lo menos posible. Todos deseamos volver cuanto antes a nuestra normalidad\u201d.<\/p>\n\n\n\n<p>Acerca de la inversi\u00f3n del Estado para afrontar la crisis derivada de la paralizaci\u00f3n de la actividad productiva por la cuarentena en las casas, el Presidente remarc\u00f3 que se invirti\u00f3 hasta el momento \u201ccasi un 3%\u201d del Producto Bruto (PBI) para cuidar los ingresos, la producci\u00f3n y el trabajo en el marco de esta emergencia sanitaria\u201d.<\/p>\n\n\n\n<figure class=\"wp-block-embed-twitter wp-block-embed is-type-rich is-provider-twitter\"><div class=\"wp-block-embed__wrapper\">\n<div class=\"embed-twitter\"><blockquote class=\"twitter-tweet\" data-width=\"500\" data-dnt=\"true\"><p lang=\"es\" dir=\"ltr\">Un mes de aislamiento social, preventivo y obligatorio<a href=\"https:\/\/t.co\/idrWRpdmNi\">https:\/\/t.co\/idrWRpdmNi<\/a> <a href=\"https:\/\/t.co\/JYfwltoKp2\">pic.twitter.com\/JYfwltoKp2<\/a><\/p>&mdash; Alberto Fern\u00e1ndez (@alferdez) <a href=\"https:\/\/twitter.com\/alferdez\/status\/1252580947683409920?ref_src=twsrc%5Etfw\">April 21, 2020<\/a><\/blockquote><script async src=\"https:\/\/platform.twitter.com\/widgets.js\" charset=\"utf-8\"><\/script><\/div>\n<\/div><\/figure>\n\n\n\n<p>\u201cEsa es la mejor muestra del esfuerzo que hacemos entre todos para sobrellevar el momento\u201d, enfatiz\u00f3 Fern\u00e1ndez.<\/p>\n\n\n\n<p>\u201cAun as\u00ed -destac\u00f3-, quer\u00eda aprovechar estas l\u00edneas solo para agradecerles. A todos y a todas. A cada argentino y cada argentina que, con responsabilidad y solidaridad, hicieron propia esta lucha y se comprometieron. En primer lugar, a los trabajadores y las trabajadoras de la salud, que son quienes m\u00e1s merecen nuestro reconocimiento\u201d y a quienes \u201cdesde sus actividades esenciales, contribuyeron a que podamos sobrellevar este proceso lo mejor posible\u201d.<\/p>\n\n\n\n<p>\u201cUna vez m\u00e1s, gracias. Gracias por comprender que en los momentos m\u00e1s dif\u00edciles es cuando m\u00e1s juntos debemos estar y cuando m\u00e1s debemos pensar en el otro\u201d, insisti\u00f3 el jefe de Estado.<\/p>\n\n\n\n<p>Fern\u00e1ndez reiter\u00f3 la fase pronunciada d\u00edas atr\u00e1s en la cumbre virtual de l\u00edderes del G20, de que \u201cnadie se salva solo, y este virus es la prueba\u201d, ya que \u201cnos necesitamos mutuamente para frenarlo y hemos demostrado estar a la altura de las exigencias\u201d.<\/p>\n\n\n\n<p>\u201cEstoy muy orgulloso de nosotros como pueblo y s\u00e9 que, cuando todo esto pase, tendremos la fortaleza necesaria para volver a ponernos de pie. Les agradezco infinitamente por cuidarnos entre todos y los abrazo, como digo siempre, a la distancia pero con el coraz\u00f3n\u201d, concluy\u00f3.<\/p>\n","protected":false},"excerpt":{"rendered":"<p>El presidente Alberto Fern\u00e1ndez afirm\u00f3 este martes que \u201cel coronavirus es un enemigo invisible y por momentos indescifrable, pero lo estamos combatiendo unidos, con compromiso y solidaridad\u201d, y sostuvo que, \u201csi seguimos por este camino\u201d, no tiene dudas de que \u201ctendremos \u00e9xito\u201d. As\u00ed lo expres\u00f3 en un escrito a modo de balance que comparti\u00f3 esta &hellip;<\/p>\n","protected":false},"author":2,"featured_media":5457,"comment_status":"open","ping_status":"open","sticky":false,"template":"","format":"standard","meta":{"_jetpack_memberships_contains_paid_content":false,"footnotes":"","jetpack_publicize_message":"","jetpack_publicize_feature_enabled":true,"jetpack_social_post_already_shared":true,"jetpack_social_options":{"image_generator_settings":{"template":"highway","default_image_id":0,"font":"","enabled":false},"version":2}},"categories":[14],"tags":[],"class_list":["post-5456","post","type-post","status-publish","format-standard","has-post-thumbnail","hentry","category-politica"],"jetpack_publicize_connections":[],"jetpack_featured_media_url":"https:\/\/portalmovil.com.ar\/wp-content\/uploads\/2020\/04\/0000750213.jpg","jetpack_sharing_enabled":true,"amp_enabled":true,"_links":{"self":[{"href":"https:\/\/portalmovil.com.ar\/index.php\/wp-json\/wp\/v2\/posts\/5456","targetHints":{"allow":["GET"]}}],"collection":[{"href":"https:\/\/portalmovil.com.ar\/index.php\/wp-json\/wp\/v2\/posts"}],"about":[{"href":"https:\/\/portalmovil.com.ar\/index.php\/wp-json\/wp\/v2\/types\/post"}],"author":[{"embeddable":true,"href":"https:\/\/portalmovil.com.ar\/index.php\/wp-json\/wp\/v2\/users\/2"}],"replies":[{"embeddable":true,"href":"https:\/\/portalmovil.com.ar\/index.php\/wp-json\/wp\/v2\/comments?post=5456"}],"version-history":[{"count":1,"href":"https:\/\/portalmovil.com.ar\/index.php\/wp-json\/wp\/v2\/posts\/5456\/revisions"}],"predecessor-version":[{"id":5458,"href":"https:\/\/portalmovil.com.ar\/index.php\/wp-json\/wp\/v2\/posts\/5456\/revisions\/5458"}],"wp:featuredmedia":[{"embeddable":true,"href":"https:\/\/portalmovil.com.ar\/index.php\/wp-json\/wp\/v2\/media\/5457"}],"wp:attachment":[{"href":"https:\/\/portalmovil.com.ar\/index.php\/wp-json\/wp\/v2\/media?parent=5456"}],"wp:term":[{"taxonomy":"category","embeddable":true,"href":"https:\/\/portalmovil.com.ar\/index.php\/wp-json\/wp\/v2\/categories?post=5456"},{"taxonomy":"post_tag","embeddable":true,"href":"https:\/\/portalmovil.com.ar\/index.php\/wp-json\/wp\/v2\/tags?post=5456"}],"curies":[{"name":"wp","href":"https:\/\/api.w.org\/{rel}","templated":true}]}}