{"id":54528,"date":"2022-04-12T08:58:18","date_gmt":"2022-04-12T11:58:18","guid":{"rendered":"https:\/\/portalmovil.com.ar\/?p=54528"},"modified":"2022-04-12T08:58:22","modified_gmt":"2022-04-12T11:58:22","slug":"francisco-el-hijo-de-alberto-fernandez-y-fabiola-yanez-ya-es-socio-de-argentinos-juniors","status":"publish","type":"post","link":"https:\/\/portalmovil.com.ar\/index.php\/2022\/04\/12\/francisco-el-hijo-de-alberto-fernandez-y-fabiola-yanez-ya-es-socio-de-argentinos-juniors\/","title":{"rendered":"Francisco, el hijo de Alberto Fern\u00e1ndez y Fabiola Y\u00e1\u00f1ez ya es socio de Argentinos Juniors"},"content":{"rendered":"\n<p>Bajo el n\u00famero de socio 45.142 y en la categor\u00eda \u00abbebe pleno\u00bb, el club\u00a0Argentinos Juniors\u00a0(AAAJ) inscribi\u00f3 este lunes como socio a Francisco Fern\u00e1ndez Ya\u00f1ez, el hijo reci\u00e9n nacido del presidente\u00a0Alberto Fern\u00e1ndez\u00a0y\u00a0Fabiola Ya\u00f1ez.<\/p>\n\n\n\n<p>\u00abQueremos felicitar al Presidente Alberto Fern\u00e1ndez y a Fabiola Y\u00e1\u00f1ez por el nacimiento de su hijo Francisco y darle la bienvenida a #ElSemilleroDelMundo. \u00a1Ac\u00e1 va nuestro presente desde @SociosAAAJ!\u00bb, tuite\u00f3 desde su cuenta oficial el club del barrio de La Paternal.<\/p>\n\n\n\n<p>El Presidente agradeci\u00f3 el gesto a trav\u00e9s de sus redes sociales, donde manifest\u00f3: \u00abDel bicho como su pap\u00e1 \u00a1Gracias, @AAAJoficial!\u00bb.<\/p>\n\n\n\n<figure class=\"wp-block-embed is-type-rich is-provider-twitter wp-block-embed-twitter\"><div class=\"wp-block-embed__wrapper\">\n<div class=\"embed-twitter\"><blockquote class=\"twitter-tweet\" data-width=\"500\" data-dnt=\"true\"><p lang=\"es\" dir=\"ltr\"><a href=\"https:\/\/twitter.com\/hashtag\/AAAJ?src=hash&amp;ref_src=twsrc%5Etfw\">#AAAJ<\/a> \ud83c\udde6\ud83c\uddf7 Queremos felicitar al Presidente Alberto Fern\u00e1ndez (<a href=\"https:\/\/twitter.com\/alferdez?ref_src=twsrc%5Etfw\">@alferdez<\/a>) y a Fabiola Y\u00e1\u00f1ez por el nacimiento de su hijo Francisco, y darle la bienvenida a <a href=\"https:\/\/twitter.com\/hashtag\/ElSemilleroDelMundo?src=hash&amp;ref_src=twsrc%5Etfw\">#ElSemilleroDelMundo<\/a>. \u00a1Ac\u00e1 va nuestro presente desde <a href=\"https:\/\/twitter.com\/SociosAAAJ?ref_src=twsrc%5Etfw\">@SociosAAAJ<\/a>! \ud83d\udcb3 <a href=\"https:\/\/t.co\/X58a7ptDOO\">pic.twitter.com\/X58a7ptDOO<\/a><\/p>&mdash; Argentinos Juniors (@AAAJoficial) <a href=\"https:\/\/twitter.com\/AAAJoficial\/status\/1513602438770659333?ref_src=twsrc%5Etfw\">April 11, 2022<\/a><\/blockquote><script async src=\"https:\/\/platform.twitter.com\/widgets.js\" charset=\"utf-8\"><\/script><\/div>\n<\/div><\/figure>\n","protected":false},"excerpt":{"rendered":"<p>Bajo el n\u00famero de socio 45.142 y en la categor\u00eda \u00abbebe pleno\u00bb, el club\u00a0Argentinos Juniors\u00a0(AAAJ) inscribi\u00f3 este lunes como socio a Francisco Fern\u00e1ndez Ya\u00f1ez, el hijo reci\u00e9n nacido del presidente\u00a0Alberto Fern\u00e1ndez\u00a0y\u00a0Fabiola Ya\u00f1ez. \u00abQueremos felicitar al Presidente Alberto Fern\u00e1ndez y a Fabiola Y\u00e1\u00f1ez por el nacimiento de su hijo Francisco y darle la bienvenida a #ElSemilleroDelMundo. &hellip;<\/p>\n","protected":false},"author":2,"featured_media":54529,"comment_status":"open","ping_status":"open","sticky":false,"template":"","format":"standard","meta":{"_jetpack_memberships_contains_paid_content":false,"footnotes":"","jetpack_publicize_message":"","jetpack_publicize_feature_enabled":true,"jetpack_social_post_already_shared":true,"jetpack_social_options":{"image_generator_settings":{"template":"highway","default_image_id":0,"font":"","enabled":false},"version":2}},"categories":[28,639],"tags":[],"class_list":["post-54528","post","type-post","status-publish","format-standard","has-post-thumbnail","hentry","category-actualidad","category-argentina"],"jetpack_publicize_connections":[],"jetpack_featured_media_url":"https:\/\/portalmovil.com.ar\/wp-content\/uploads\/2022\/04\/ede427fa-fb25-4a64-9c71-6df27cd2b1d8.jpg","jetpack_sharing_enabled":true,"amp_enabled":true,"_links":{"self":[{"href":"https:\/\/portalmovil.com.ar\/index.php\/wp-json\/wp\/v2\/posts\/54528","targetHints":{"allow":["GET"]}}],"collection":[{"href":"https:\/\/portalmovil.com.ar\/index.php\/wp-json\/wp\/v2\/posts"}],"about":[{"href":"https:\/\/portalmovil.com.ar\/index.php\/wp-json\/wp\/v2\/types\/post"}],"author":[{"embeddable":true,"href":"https:\/\/portalmovil.com.ar\/index.php\/wp-json\/wp\/v2\/users\/2"}],"replies":[{"embeddable":true,"href":"https:\/\/portalmovil.com.ar\/index.php\/wp-json\/wp\/v2\/comments?post=54528"}],"version-history":[{"count":1,"href":"https:\/\/portalmovil.com.ar\/index.php\/wp-json\/wp\/v2\/posts\/54528\/revisions"}],"predecessor-version":[{"id":54530,"href":"https:\/\/portalmovil.com.ar\/index.php\/wp-json\/wp\/v2\/posts\/54528\/revisions\/54530"}],"wp:featuredmedia":[{"embeddable":true,"href":"https:\/\/portalmovil.com.ar\/index.php\/wp-json\/wp\/v2\/media\/54529"}],"wp:attachment":[{"href":"https:\/\/portalmovil.com.ar\/index.php\/wp-json\/wp\/v2\/media?parent=54528"}],"wp:term":[{"taxonomy":"category","embeddable":true,"href":"https:\/\/portalmovil.com.ar\/index.php\/wp-json\/wp\/v2\/categories?post=54528"},{"taxonomy":"post_tag","embeddable":true,"href":"https:\/\/portalmovil.com.ar\/index.php\/wp-json\/wp\/v2\/tags?post=54528"}],"curies":[{"name":"wp","href":"https:\/\/api.w.org\/{rel}","templated":true}]}}