{"id":54516,"date":"2022-04-11T23:02:54","date_gmt":"2022-04-12T02:02:54","guid":{"rendered":"https:\/\/portalmovil.com.ar\/?p=54516"},"modified":"2022-04-11T23:02:58","modified_gmt":"2022-04-12T02:02:58","slug":"martin-guzman-la-inflacion-de-marzo-va-superar-el-6","status":"publish","type":"post","link":"https:\/\/portalmovil.com.ar\/index.php\/2022\/04\/11\/martin-guzman-la-inflacion-de-marzo-va-superar-el-6\/","title":{"rendered":"Mart\u00edn Guzm\u00e1n: \u00abLa inflaci\u00f3n de marzo va superar el 6%\u00bb"},"content":{"rendered":"\n<p>Durante la entrevista exclusiva con\u00a0Gustavo Sylvestre\u00a0en\u00a0<strong>Minuto Uno<\/strong>\u00a0por\u00a0<em><strong>C5N<\/strong><\/em>, el ministro de Econom\u00eda,\u00a0Mart\u00edn Guzm\u00e1n, adelant\u00f3 que la\u00a0inflaci\u00f3n\u00a0de marzo superar\u00e1 el 6%.<\/p>\n\n\n\n<p><strong>\u00abEfectivamente la inflaci\u00f3n del mes de marzo va a ser la m\u00e1s alta del a\u00f1o. El \u00edndice va a superar el 6% en el mes de marzo\u00bb<\/strong>, explic\u00f3 el funcionario.<\/p>\n\n\n\n<p>El titular del Palacio de Hacienda, adem\u00e1s, consider\u00f3 que&nbsp;\u00abla inflaci\u00f3n no se va a reducir (solo) con pol\u00edticas de precios\u00bb sino que \u00abse ataca con pol\u00edtica macroecon\u00f3mica\u00bb&nbsp;y que para ello \u00abse necesita un programa econ\u00f3mico que ya existe\u00bb, pero que \u00abhace falta un apoyo pol\u00edtico claro en lugar de llevar acciones que generan incertidumbre\u00bb.<\/p>\n\n\n\n<p>\u00abLa econom\u00eda funciona en un contexto de relaciones de poder. Necesitamos construir credibilidad en un programa s\u00f3lido y consistente que hemos dise\u00f1ado\u00bb, se\u00f1al\u00f3 Guzm\u00e1n en&nbsp;<strong><em>C5N<\/em><\/strong>, y remarc\u00f3 que, si bien existen tensiones en el Gobierno, \u00abel Presidente (Alberto Fern\u00e1ndez) ha marcado que gestionaremos con gente que est\u00e9 alineada con el programa econ\u00f3mico que se ha definido\u00bb.<\/p>\n\n\n\n<p>El jefe del Palacio de Hacienda remarc\u00f3 que \u00abhoy el mundo est\u00e1 viviendo el peor proceso inflacionario en d\u00e9cadas. Alemania no ten\u00eda inflaci\u00f3n\u00bb, y explic\u00f3 que&nbsp;<strong>\u00aben un solo mes, en marzo, los precios subieron 2,2%\u00bb<\/strong>.<\/p>\n\n\n\n<p>\u00ab\u00bfC\u00f3mo se ataca el componente interno de la inflaci\u00f3n? Hace unos d\u00edas, dio una definici\u00f3n muy importante y muy cierta el Secretario de Comercio\u00bb, explic\u00f3 Guzm\u00e1n, e insisti\u00f3: \u00abLa inflaci\u00f3n no se va a reducir con pol\u00edticas de precios. No es que dec\u00eds acuerdo de precios y se acab\u00f3 la inflaci\u00f3n. No funciona as\u00ed\u00bb.<\/p>\n\n\n\n<p>El ministro reiter\u00f3 que \u00abla inflaci\u00f3n se ataca con pol\u00edtica macro econ\u00f3mica, y aqu\u00ed se necesitan dos cuestiones: una es un programa econ\u00f3mico. Eso hoy ya existe. Pero por otro lado, se necesita el apoyo pol\u00edtico, porque la econom\u00eda no funciona en un vac\u00edo\u00bb.<\/p>\n\n\n\n<p>D\u00edas atr\u00e1s, los principales analistas y consultoras estimaron que el \u00edndice de precios minoristas registr\u00f3 en marzo un incremento de 5,5%, por encima del 4,7% registrado en febrero, seg\u00fan los resultados del Relevamiento de Expectativas del Mercado (REM) realizado por el Banco Central.<\/p>\n\n\n\n<p>A fines de marzo pasado, los analistas de mercado proyectaron que la inflaci\u00f3n minorista para el corriente a\u00f1o se ubicar\u00e1 en 59,2% inter anual, con un incremento de 4,2 puntos porcentual respecto de la encuesta previa realizada en los \u00faltimos d\u00edas de febrero.<\/p>\n\n\n\n<p>Asimismo, los participantes del REM revisaron las previsiones de inflaci\u00f3n para 2023 ubic\u00e1ndola en 47,5% interanual, 2,5 puntos porcentual m\u00e1s que el relevamiento previo.<\/p>\n\n\n\n<p><strong>Mart\u00edn Guzm\u00e1n<\/strong>&nbsp;enfatiz\u00f3 que&nbsp;\u00abhoy la principal ocupaci\u00f3n de la pol\u00edtica econ\u00f3mica es el problema de la inflaci\u00f3n y asegurar que haya una recuperaci\u00f3n de los ingresos reales\u00bb, por lo que consider\u00f3: \u00abNosotros aspiramos a que en este primer trimestre, los salarios le ganen a la inflaci\u00f3n. Hace falta un apoyo pol\u00edtico claro en lugar de llevar adelante acciones que generan incertidumbre\u00bb.<\/p>\n","protected":false},"excerpt":{"rendered":"<p>Durante la entrevista exclusiva con\u00a0Gustavo Sylvestre\u00a0en\u00a0Minuto Uno\u00a0por\u00a0C5N, el ministro de Econom\u00eda,\u00a0Mart\u00edn Guzm\u00e1n, adelant\u00f3 que la\u00a0inflaci\u00f3n\u00a0de marzo superar\u00e1 el 6%. \u00abEfectivamente la inflaci\u00f3n del mes de marzo va a ser la m\u00e1s alta del a\u00f1o. El \u00edndice va a superar el 6% en el mes de marzo\u00bb, explic\u00f3 el funcionario. El titular del Palacio de Hacienda, &hellip;<\/p>\n","protected":false},"author":2,"featured_media":5710,"comment_status":"open","ping_status":"open","sticky":false,"template":"","format":"standard","meta":{"_jetpack_memberships_contains_paid_content":false,"footnotes":"","jetpack_publicize_message":"","jetpack_publicize_feature_enabled":true,"jetpack_social_post_already_shared":true,"jetpack_social_options":{"image_generator_settings":{"template":"highway","default_image_id":0,"font":"","enabled":false},"version":2}},"categories":[639,14],"tags":[],"class_list":["post-54516","post","type-post","status-publish","format-standard","has-post-thumbnail","hentry","category-argentina","category-politica"],"jetpack_publicize_connections":[],"jetpack_featured_media_url":"https:\/\/portalmovil.com.ar\/wp-content\/uploads\/2020\/04\/17b-20lombardo.jpg","jetpack_sharing_enabled":true,"amp_enabled":true,"_links":{"self":[{"href":"https:\/\/portalmovil.com.ar\/index.php\/wp-json\/wp\/v2\/posts\/54516","targetHints":{"allow":["GET"]}}],"collection":[{"href":"https:\/\/portalmovil.com.ar\/index.php\/wp-json\/wp\/v2\/posts"}],"about":[{"href":"https:\/\/portalmovil.com.ar\/index.php\/wp-json\/wp\/v2\/types\/post"}],"author":[{"embeddable":true,"href":"https:\/\/portalmovil.com.ar\/index.php\/wp-json\/wp\/v2\/users\/2"}],"replies":[{"embeddable":true,"href":"https:\/\/portalmovil.com.ar\/index.php\/wp-json\/wp\/v2\/comments?post=54516"}],"version-history":[{"count":1,"href":"https:\/\/portalmovil.com.ar\/index.php\/wp-json\/wp\/v2\/posts\/54516\/revisions"}],"predecessor-version":[{"id":54517,"href":"https:\/\/portalmovil.com.ar\/index.php\/wp-json\/wp\/v2\/posts\/54516\/revisions\/54517"}],"wp:featuredmedia":[{"embeddable":true,"href":"https:\/\/portalmovil.com.ar\/index.php\/wp-json\/wp\/v2\/media\/5710"}],"wp:attachment":[{"href":"https:\/\/portalmovil.com.ar\/index.php\/wp-json\/wp\/v2\/media?parent=54516"}],"wp:term":[{"taxonomy":"category","embeddable":true,"href":"https:\/\/portalmovil.com.ar\/index.php\/wp-json\/wp\/v2\/categories?post=54516"},{"taxonomy":"post_tag","embeddable":true,"href":"https:\/\/portalmovil.com.ar\/index.php\/wp-json\/wp\/v2\/tags?post=54516"}],"curies":[{"name":"wp","href":"https:\/\/api.w.org\/{rel}","templated":true}]}}