{"id":54491,"date":"2022-04-11T15:06:21","date_gmt":"2022-04-11T18:06:21","guid":{"rendered":"https:\/\/portalmovil.com.ar\/?p=54491"},"modified":"2022-04-11T15:06:24","modified_gmt":"2022-04-11T18:06:24","slug":"chicas-trans-atacaron-a-una-joven-en-la-salida-de-un-boliche-en-saenz-pena","status":"publish","type":"post","link":"https:\/\/portalmovil.com.ar\/index.php\/2022\/04\/11\/chicas-trans-atacaron-a-una-joven-en-la-salida-de-un-boliche-en-saenz-pena\/","title":{"rendered":"Chicas trans atacaron a una joven en la salida de un boliche en S\u00e1enz Pe\u00f1a"},"content":{"rendered":"\n<p><strong>Una joven de 24 a\u00f1os denunci\u00f3 en la Polic\u00eda<\/strong>, y tambi\u00e9n en redes sociales, l<strong>a feroz golpiza de la que fue v\u00edctima el domingo a las 6 de la ma\u00f1ana, a la salida de un local bailable ubicado en el Ensanche Sur de S\u00e1enz Pe\u00f1a.<\/strong><\/p>\n\n\n\n<p>La mujer cont\u00f3 en su cuenta de\u00a0<em>Facebook<\/em>\u00a0que ayer a la madrugada, a la salida del boliche Extreme, le pegaron y le dejaron el rostro completamente lastimado.<strong>\u00a0\u00abTengo fisura en los dos p\u00f3mulos, por eso tengo as\u00ed la cara\u00bb<\/strong>, cont\u00f3 y pidi\u00f3 que se difunda la foto de sus agresores.<\/p>\n\n\n\n<p>Seg\u00fan consta en la denuncia, las personas que la atacaron serian dos personas transg\u00e9nero. \u00ab<strong>No tengo nada contra los trans, pero no pueden aprovecharse as\u00ed\u00bb<\/strong>, mencion\u00f3 la joven golpeada.<\/p>\n\n\n\n<p>Las dos j\u00f3venes trans -cont\u00f3<strong>&#8211; la atacaron a la salida del boliche con patadas y golpes de pu\u00f1o, dej\u00e1ndola tirada en la calle con heridas cortantes y hematomas en la cabeza, el rostro y otras partes del cuerpo.<\/strong><\/p>\n\n\n\n<p>La denuncia fue realizada por la madre de la joven en la Divisi\u00f3n Violencia Familiar y de G\u00e9nero de Presidencia Roque S\u00e1enz Pe\u00f1a. All\u00ed se\u00f1al\u00f3 que a las 6 horas de este domingo, su hija de 24 a\u00f1os de edad sal\u00eda junto con dos amigos de un local bailable ubicado en calle 1 del Ensanche Sur.<\/p>\n\n\n\n<p>All\u00ed fue abordada por u<strong>na joven trans a quien conoce como \u00abPerla\u00bb junto a otro, alias \u00abCristian\u00bb<\/strong>, ambos de contextura robusta. Las personas le preguntaron a la joven si ten\u00eda problemas con alguna de sus primas, a quienes identificaron con nombre y apellido, ya que las mismas estaban all\u00ed presentes.<\/p>\n\n\n\n<p><strong>La joven le respondi\u00f3 que no y luego de eso comenzaron a golpearla con patadas y pu\u00f1os en todo el cuerpo.<\/strong><\/p>\n\n\n\n<p>Luego del ataque las agresoras se alejaron, dejando a la joven tirada en la calle. Minutos despu\u00e9s la v\u00edctima fue asistida y derivada al Hospital 4 de Junio, donde qued\u00f3 internada por las graves heridas.<\/p>\n\n\n\n<p>La denunciante presenta fisura de p\u00f3mulos, los ojos pr\u00e1cticamente cerrados por los hematomas y golpes en todo el cuerpo. La Polic\u00eda trabaja intensamente para detener a las j\u00f3venes que ya estar\u00edan identificadas.<\/p>\n","protected":false},"excerpt":{"rendered":"<p>Una joven de 24 a\u00f1os denunci\u00f3 en la Polic\u00eda, y tambi\u00e9n en redes sociales, la feroz golpiza de la que fue v\u00edctima el domingo a las 6 de la ma\u00f1ana, a la salida de un local bailable ubicado en el Ensanche Sur de S\u00e1enz Pe\u00f1a. La mujer cont\u00f3 en su cuenta de\u00a0Facebook\u00a0que ayer a la &hellip;<\/p>\n","protected":false},"author":2,"featured_media":54492,"comment_status":"open","ping_status":"open","sticky":false,"template":"","format":"standard","meta":{"_jetpack_memberships_contains_paid_content":false,"footnotes":"","jetpack_publicize_message":"","jetpack_publicize_feature_enabled":true,"jetpack_social_post_already_shared":true,"jetpack_social_options":{"image_generator_settings":{"template":"highway","default_image_id":0,"font":"","enabled":false},"version":2}},"categories":[5,8],"tags":[],"class_list":["post-54491","post","type-post","status-publish","format-standard","has-post-thumbnail","hentry","category-chaco","category-policiales"],"jetpack_publicize_connections":[],"jetpack_featured_media_url":"https:\/\/portalmovil.com.ar\/wp-content\/uploads\/2022\/04\/532829w850h580c.jpg","jetpack_sharing_enabled":true,"amp_enabled":true,"_links":{"self":[{"href":"https:\/\/portalmovil.com.ar\/index.php\/wp-json\/wp\/v2\/posts\/54491","targetHints":{"allow":["GET"]}}],"collection":[{"href":"https:\/\/portalmovil.com.ar\/index.php\/wp-json\/wp\/v2\/posts"}],"about":[{"href":"https:\/\/portalmovil.com.ar\/index.php\/wp-json\/wp\/v2\/types\/post"}],"author":[{"embeddable":true,"href":"https:\/\/portalmovil.com.ar\/index.php\/wp-json\/wp\/v2\/users\/2"}],"replies":[{"embeddable":true,"href":"https:\/\/portalmovil.com.ar\/index.php\/wp-json\/wp\/v2\/comments?post=54491"}],"version-history":[{"count":1,"href":"https:\/\/portalmovil.com.ar\/index.php\/wp-json\/wp\/v2\/posts\/54491\/revisions"}],"predecessor-version":[{"id":54493,"href":"https:\/\/portalmovil.com.ar\/index.php\/wp-json\/wp\/v2\/posts\/54491\/revisions\/54493"}],"wp:featuredmedia":[{"embeddable":true,"href":"https:\/\/portalmovil.com.ar\/index.php\/wp-json\/wp\/v2\/media\/54492"}],"wp:attachment":[{"href":"https:\/\/portalmovil.com.ar\/index.php\/wp-json\/wp\/v2\/media?parent=54491"}],"wp:term":[{"taxonomy":"category","embeddable":true,"href":"https:\/\/portalmovil.com.ar\/index.php\/wp-json\/wp\/v2\/categories?post=54491"},{"taxonomy":"post_tag","embeddable":true,"href":"https:\/\/portalmovil.com.ar\/index.php\/wp-json\/wp\/v2\/tags?post=54491"}],"curies":[{"name":"wp","href":"https:\/\/api.w.org\/{rel}","templated":true}]}}