{"id":54397,"date":"2022-04-09T11:28:33","date_gmt":"2022-04-09T14:28:33","guid":{"rendered":"https:\/\/portalmovil.com.ar\/?p=54397"},"modified":"2022-04-09T11:28:35","modified_gmt":"2022-04-09T14:28:35","slug":"suspenden-el-acto-por-el-dia-de-barranqueras-tras-el-incendio-en-el-edificio-municipal","status":"publish","type":"post","link":"https:\/\/portalmovil.com.ar\/index.php\/2022\/04\/09\/suspenden-el-acto-por-el-dia-de-barranqueras-tras-el-incendio-en-el-edificio-municipal\/","title":{"rendered":"Suspenden el acto por el D\u00eda de Barranqueras, tras el incendio en el edificio municipal"},"content":{"rendered":"\n<p>El municipio de Barranqueras defini\u00f3 suspender el acto protocolar y desfile que estaba previsto para hoy s\u00e1bado 9 de abril por la tarde.<\/p>\n\n\n\n<p>Cabe mencionar que el mismo ya hab\u00eda sido postergado por las inclemencias clim\u00e1ticas ya que deb\u00eda realizarse el mi\u00e9rcoles pasado.<\/p>\n\n\n\n<p>Esta ma\u00f1ana, un incendio en una de las oficinas del edificio municipal, oblig\u00f3 a las autoridades tambi\u00e9n a suspender las actividades que estaban previstas para hoy.<\/p>\n","protected":false},"excerpt":{"rendered":"<p>El municipio de Barranqueras defini\u00f3 suspender el acto protocolar y desfile que estaba previsto para hoy s\u00e1bado 9 de abril por la tarde. Cabe mencionar que el mismo ya hab\u00eda sido postergado por las inclemencias clim\u00e1ticas ya que deb\u00eda realizarse el mi\u00e9rcoles pasado. Esta ma\u00f1ana, un incendio en una de las oficinas del edificio municipal, &hellip;<\/p>\n","protected":false},"author":2,"featured_media":54398,"comment_status":"open","ping_status":"open","sticky":false,"template":"","format":"standard","meta":{"_jetpack_memberships_contains_paid_content":false,"footnotes":"","jetpack_publicize_message":"","jetpack_publicize_feature_enabled":true,"jetpack_social_post_already_shared":true,"jetpack_social_options":{"image_generator_settings":{"template":"highway","default_image_id":0,"font":"","enabled":false},"version":2}},"categories":[28,5],"tags":[],"class_list":["post-54397","post","type-post","status-publish","format-standard","has-post-thumbnail","hentry","category-actualidad","category-chaco"],"jetpack_publicize_connections":[],"jetpack_featured_media_url":"https:\/\/portalmovil.com.ar\/wp-content\/uploads\/2022\/04\/c83f240b-1fb9-490e-abfb-49c4834c1baf.jpg","jetpack_sharing_enabled":true,"amp_enabled":true,"_links":{"self":[{"href":"https:\/\/portalmovil.com.ar\/index.php\/wp-json\/wp\/v2\/posts\/54397","targetHints":{"allow":["GET"]}}],"collection":[{"href":"https:\/\/portalmovil.com.ar\/index.php\/wp-json\/wp\/v2\/posts"}],"about":[{"href":"https:\/\/portalmovil.com.ar\/index.php\/wp-json\/wp\/v2\/types\/post"}],"author":[{"embeddable":true,"href":"https:\/\/portalmovil.com.ar\/index.php\/wp-json\/wp\/v2\/users\/2"}],"replies":[{"embeddable":true,"href":"https:\/\/portalmovil.com.ar\/index.php\/wp-json\/wp\/v2\/comments?post=54397"}],"version-history":[{"count":1,"href":"https:\/\/portalmovil.com.ar\/index.php\/wp-json\/wp\/v2\/posts\/54397\/revisions"}],"predecessor-version":[{"id":54399,"href":"https:\/\/portalmovil.com.ar\/index.php\/wp-json\/wp\/v2\/posts\/54397\/revisions\/54399"}],"wp:featuredmedia":[{"embeddable":true,"href":"https:\/\/portalmovil.com.ar\/index.php\/wp-json\/wp\/v2\/media\/54398"}],"wp:attachment":[{"href":"https:\/\/portalmovil.com.ar\/index.php\/wp-json\/wp\/v2\/media?parent=54397"}],"wp:term":[{"taxonomy":"category","embeddable":true,"href":"https:\/\/portalmovil.com.ar\/index.php\/wp-json\/wp\/v2\/categories?post=54397"},{"taxonomy":"post_tag","embeddable":true,"href":"https:\/\/portalmovil.com.ar\/index.php\/wp-json\/wp\/v2\/tags?post=54397"}],"curies":[{"name":"wp","href":"https:\/\/api.w.org\/{rel}","templated":true}]}}