{"id":54205,"date":"2022-04-06T22:00:16","date_gmt":"2022-04-07T01:00:16","guid":{"rendered":"https:\/\/portalmovil.com.ar\/?p=54205"},"modified":"2022-04-06T22:00:19","modified_gmt":"2022-04-07T01:00:19","slug":"lavado-i-otorgaron-la-libertad-a-horacio-rey-y-roberto-lugo-acusado-por-corrupcion","status":"publish","type":"post","link":"https:\/\/portalmovil.com.ar\/index.php\/2022\/04\/06\/lavado-i-otorgaron-la-libertad-a-horacio-rey-y-roberto-lugo-acusado-por-corrupcion\/","title":{"rendered":"Lavado I: otorgaron la libertad a Horacio Rey y Roberto Lugo acusado por corrupci\u00f3n"},"content":{"rendered":"\n<p>El Tribunal Oral Federal notific\u00f3 a varios ex funcionarios del gobierno provincial sobre el cese de la prisi\u00f3n preventiva que pesaba sobre ellos en el marco de la causa conocida como Lavado I.<\/p>\n\n\n\n<p>De esta manera,\u00a0<strong>ces\u00f3 la preventiva de Horacio Rey<\/strong>\u00a0(ex secretario General de la Gobernaci\u00f3n entre el 2015 y el 2018),\u00a0<strong>Roberto Lugo<\/strong>\u00a0(ex subsecretario de Comercio),\u00a0<strong>Gustavo Katavich<\/strong>\u00a0(ex coordinador de pauta publicitaria) y el empresario\u00a0<strong>Ariel Retamozo<\/strong>.<\/p>\n\n\n\n<p>La sentencia fue del Tribunal Oral Federal integrado por loso jueces Enrique Bosch y Eduardo Belforte y con la determinaci\u00f3n los imputados podr\u00e1n esperar el juicio, que a\u00fan no tiene fecha definida, en libertad.<\/p>\n\n\n\n<p>Seg\u00fan confirm\u00f3 este medio, para los magistrados no existe \u00ab<strong>riesgo procesal ni riesgo de fuga<\/strong>\u00bb por lo que tomaron la determinaci\u00f3n en cuesti\u00f3n.<\/p>\n\n\n\n<p>\u00abL<strong>a sola sospecha o presunci\u00f3n de culpabilidad resulta insuficiente para justificar la continuaci\u00f3n de la privaci\u00f3n de la libertad, se deben ponderar otros elementos adicionales para otorgar validez a la detenci\u00f3n luego de transcurrido un cierto tiempo<\/strong>\u00ab, se\u00f1alaron en su fallo.<\/p>\n\n\n\n<p>A la vez, marcaron que \u00ab<strong>Rey siempre estuvo a derecho, en cumplimiento de las pautas de conducta establecidas por el tribunal al otorgar su arresto domiciliario, solicit\u00f3 las autorizaciones pertinentes para asistir a turnos m\u00e9dicos en cada oportunidad que su estado de salud lo requiri\u00f3, y adem\u00e1s compareci\u00f3 a todo requerimiento del tribunal, conducta que demuestra la sujeci\u00f3n a la justicia<\/strong>\u00ab.<\/p>\n\n\n\n<p>Cabe recordar que en el fuero provincial tanto Rey como Katavich fueron a juicio en la causa que investig\u00f3\u00a0<strong>fraude en la administraci\u00f3n p\u00fablica<\/strong>\u00a0y fueron\u00a0<strong>condenados a siete y cinco a\u00f1os de prisi\u00f3n respectivamente<\/strong>. Pero despu\u00e9s,\u00a0el Superior Tribunal de Justicia anul\u00f3 esas condenas\u00a0y\u00a0 orden\u00f3 que se celebre un nuevo juiciooral pero en esta oportunidad como \u00abasociaci\u00f3n il\u00edcita\u00bb.<\/p>\n","protected":false},"excerpt":{"rendered":"<p>El Tribunal Oral Federal notific\u00f3 a varios ex funcionarios del gobierno provincial sobre el cese de la prisi\u00f3n preventiva que pesaba sobre ellos en el marco de la causa conocida como Lavado I. De esta manera,\u00a0ces\u00f3 la preventiva de Horacio Rey\u00a0(ex secretario General de la Gobernaci\u00f3n entre el 2015 y el 2018),\u00a0Roberto Lugo\u00a0(ex subsecretario de &hellip;<\/p>\n","protected":false},"author":2,"featured_media":54206,"comment_status":"open","ping_status":"open","sticky":false,"template":"","format":"standard","meta":{"_jetpack_memberships_contains_paid_content":false,"footnotes":"","jetpack_publicize_message":"","jetpack_publicize_feature_enabled":true,"jetpack_social_post_already_shared":true,"jetpack_social_options":{"image_generator_settings":{"template":"highway","default_image_id":0,"font":"","enabled":false},"version":2}},"categories":[5,50],"tags":[],"class_list":["post-54205","post","type-post","status-publish","format-standard","has-post-thumbnail","hentry","category-chaco","category-judiciales"],"jetpack_publicize_connections":[],"jetpack_featured_media_url":"https:\/\/portalmovil.com.ar\/wp-content\/uploads\/2022\/04\/Rey-Peppo-y-Capitanich.jpg","jetpack_sharing_enabled":true,"amp_enabled":true,"_links":{"self":[{"href":"https:\/\/portalmovil.com.ar\/index.php\/wp-json\/wp\/v2\/posts\/54205","targetHints":{"allow":["GET"]}}],"collection":[{"href":"https:\/\/portalmovil.com.ar\/index.php\/wp-json\/wp\/v2\/posts"}],"about":[{"href":"https:\/\/portalmovil.com.ar\/index.php\/wp-json\/wp\/v2\/types\/post"}],"author":[{"embeddable":true,"href":"https:\/\/portalmovil.com.ar\/index.php\/wp-json\/wp\/v2\/users\/2"}],"replies":[{"embeddable":true,"href":"https:\/\/portalmovil.com.ar\/index.php\/wp-json\/wp\/v2\/comments?post=54205"}],"version-history":[{"count":1,"href":"https:\/\/portalmovil.com.ar\/index.php\/wp-json\/wp\/v2\/posts\/54205\/revisions"}],"predecessor-version":[{"id":54207,"href":"https:\/\/portalmovil.com.ar\/index.php\/wp-json\/wp\/v2\/posts\/54205\/revisions\/54207"}],"wp:featuredmedia":[{"embeddable":true,"href":"https:\/\/portalmovil.com.ar\/index.php\/wp-json\/wp\/v2\/media\/54206"}],"wp:attachment":[{"href":"https:\/\/portalmovil.com.ar\/index.php\/wp-json\/wp\/v2\/media?parent=54205"}],"wp:term":[{"taxonomy":"category","embeddable":true,"href":"https:\/\/portalmovil.com.ar\/index.php\/wp-json\/wp\/v2\/categories?post=54205"},{"taxonomy":"post_tag","embeddable":true,"href":"https:\/\/portalmovil.com.ar\/index.php\/wp-json\/wp\/v2\/tags?post=54205"}],"curies":[{"name":"wp","href":"https:\/\/api.w.org\/{rel}","templated":true}]}}