{"id":53631,"date":"2022-03-29T18:58:49","date_gmt":"2022-03-29T21:58:49","guid":{"rendered":"https:\/\/portalmovil.com.ar\/?p=53631"},"modified":"2022-03-29T18:58:52","modified_gmt":"2022-03-29T21:58:52","slug":"empresarios-quieren-aumentar-el-costo-del-boleto-de-colectivos","status":"publish","type":"post","link":"https:\/\/portalmovil.com.ar\/index.php\/2022\/03\/29\/empresarios-quieren-aumentar-el-costo-del-boleto-de-colectivos\/","title":{"rendered":"Empresarios quieren aumentar el costo del boleto de colectivos"},"content":{"rendered":"\n<p>De cara a las audiencias p\u00fablicas donde los empresarios y el Estado presentar\u00e1n los estudios de costos para determinar el nuevo valor de la tarifa del transporte p\u00fablico de pasajeros, el asesor legal de la CETACH (C\u00e1mara de Empresarios del Transporte del Chaco), Gustavo Larrea, advirti\u00f3 que, ante el aumento de los insumos y costos registrados en los pr\u00f3ximos meses, es necesario establecer un nuevo precio del boleto para lo cual plante\u00f3 que \u201cde no poder trasladarlo a los usuarios, tendr\u00e1 que haber compensaciones acordes\u201d.\u00a0\u00abVenimos con un atraso tarifario producto de que los tiempos en que se actualizan los valores no se condicen, para nada, con los del pa\u00eds y los grandes movimientos econ\u00f3micos negativos que tenemos\u00bb, asegur\u00f3 en declaraciones radiales.<\/p>\n\n\n\n<p><\/p>\n","protected":false},"excerpt":{"rendered":"<p>De cara a las audiencias p\u00fablicas donde los empresarios y el Estado presentar\u00e1n los estudios de costos para determinar el nuevo valor de la tarifa del transporte p\u00fablico de pasajeros, el asesor legal de la CETACH (C\u00e1mara de Empresarios del Transporte del Chaco), Gustavo Larrea, advirti\u00f3 que, ante el aumento de los insumos y costos &hellip;<\/p>\n","protected":false},"author":2,"featured_media":18413,"comment_status":"open","ping_status":"open","sticky":false,"template":"","format":"standard","meta":{"_jetpack_memberships_contains_paid_content":false,"footnotes":"","jetpack_publicize_message":"","jetpack_publicize_feature_enabled":true,"jetpack_social_post_already_shared":true,"jetpack_social_options":{"image_generator_settings":{"template":"highway","default_image_id":0,"font":"","enabled":false},"version":2}},"categories":[28,5],"tags":[],"class_list":["post-53631","post","type-post","status-publish","format-standard","has-post-thumbnail","hentry","category-actualidad","category-chaco"],"jetpack_publicize_connections":[],"jetpack_featured_media_url":"https:\/\/portalmovil.com.ar\/wp-content\/uploads\/2021\/01\/colectivos_1_74500_74500.jpg","jetpack_sharing_enabled":true,"amp_enabled":true,"_links":{"self":[{"href":"https:\/\/portalmovil.com.ar\/index.php\/wp-json\/wp\/v2\/posts\/53631","targetHints":{"allow":["GET"]}}],"collection":[{"href":"https:\/\/portalmovil.com.ar\/index.php\/wp-json\/wp\/v2\/posts"}],"about":[{"href":"https:\/\/portalmovil.com.ar\/index.php\/wp-json\/wp\/v2\/types\/post"}],"author":[{"embeddable":true,"href":"https:\/\/portalmovil.com.ar\/index.php\/wp-json\/wp\/v2\/users\/2"}],"replies":[{"embeddable":true,"href":"https:\/\/portalmovil.com.ar\/index.php\/wp-json\/wp\/v2\/comments?post=53631"}],"version-history":[{"count":1,"href":"https:\/\/portalmovil.com.ar\/index.php\/wp-json\/wp\/v2\/posts\/53631\/revisions"}],"predecessor-version":[{"id":53632,"href":"https:\/\/portalmovil.com.ar\/index.php\/wp-json\/wp\/v2\/posts\/53631\/revisions\/53632"}],"wp:featuredmedia":[{"embeddable":true,"href":"https:\/\/portalmovil.com.ar\/index.php\/wp-json\/wp\/v2\/media\/18413"}],"wp:attachment":[{"href":"https:\/\/portalmovil.com.ar\/index.php\/wp-json\/wp\/v2\/media?parent=53631"}],"wp:term":[{"taxonomy":"category","embeddable":true,"href":"https:\/\/portalmovil.com.ar\/index.php\/wp-json\/wp\/v2\/categories?post=53631"},{"taxonomy":"post_tag","embeddable":true,"href":"https:\/\/portalmovil.com.ar\/index.php\/wp-json\/wp\/v2\/tags?post=53631"}],"curies":[{"name":"wp","href":"https:\/\/api.w.org\/{rel}","templated":true}]}}