{"id":5361,"date":"2020-04-19T01:26:49","date_gmt":"2020-04-19T04:26:49","guid":{"rendered":"http:\/\/portalmovil.com.ar\/?p=5361"},"modified":"2020-04-19T01:26:54","modified_gmt":"2020-04-19T04:26:54","slug":"19-de-abril-dia-de-los-pueblos-originarios","status":"publish","type":"post","link":"https:\/\/portalmovil.com.ar\/index.php\/2020\/04\/19\/19-de-abril-dia-de-los-pueblos-originarios\/","title":{"rendered":"19 de abril: D\u00eda de los Pueblos Originarios"},"content":{"rendered":"\n<p>El 19 de abril ha sido instituido por la OEA como el D\u00eda del Indio Americano. La fecha recuerda el 19 de abril de 1940, d\u00eda en que se celebr\u00f3 en Patzcuaro (M\u00e9xico) el primer Congreso Indigenista Interamericano para una Conferencia Interamericana Indigenista, con el objetivo de salvaguardar y perpetuar las culturas abor\u00edgenes de todo el continente. Dicho congreso fue convocado por el presidente mexicano L\u00e1zaro C\u00e1rdenas; qui\u00e9n era descendiente de abor\u00edgenes.<\/p>\n\n\n\n<p>En aquella oportunidad se reunieron por primera vez los caciques representantes de las culturas ind\u00edgenas del continente para analizar su situaci\u00f3n y buscar un camino com\u00fan ante las adversidades que deb\u00edan enfrentar. Adem\u00e1s, como resultado de la reuni\u00f3n qued\u00f3 fundado el Instituto Indigenista Interamericano, que tiene su sede en M\u00e9xico y que depende de la OEA.<\/p>\n\n\n\n<p>El D\u00eda del Aborigen Americano pretende preservar, perpetuar y resaltar el valor de las culturas abor\u00edgenes de Am\u00e9rica, forjadas antes del \u201cdescubrimiento\u201d, y que son las que imprimieron los primeros rasgos culturales que, junto a los de los colonizadores europeos, dieron forma a nuestra propia actualidad.<\/p>\n\n\n\n<p>Desde entonces, el continente americano celebra esta fecha en recuerdo de quienes habitaron originariamente este territorio, imprimiendo all\u00ed las primeras esencias culturales.<\/p>\n\n\n\n<p>Empobrecidos y relegados, los abor\u00edgenes americanos de hoy ya no pretenden privilegios por su condici\u00f3n de primeros habitantes del continente, s\u00f3lo aspiran a que se los trate como iguales, que se les reconozca el derecho a la tierra donde habitan, igualdad de oportunidades laborales y de estudio y el respeto a los valores de sus culturas.<\/p>\n\n\n\n<p>Argentina adhiri\u00f3 al documento de Patzcuaro e instituy\u00f3 el 19 de abril en el a\u00f1o 1945, mediante el decreto del Poder Ejecutivo Nacional N\u00ba 7550. Desde entonces, Argentina es miembro permanente y adhiere a esta fecha reivindicatoria de los derechos de los abor\u00edgenes.<\/p>\n","protected":false},"excerpt":{"rendered":"<p>El 19 de abril ha sido instituido por la OEA como el D\u00eda del Indio Americano. La fecha recuerda el 19 de abril de 1940, d\u00eda en que se celebr\u00f3 en Patzcuaro (M\u00e9xico) el primer Congreso Indigenista Interamericano para una Conferencia Interamericana Indigenista, con el objetivo de salvaguardar y perpetuar las culturas abor\u00edgenes de todo &hellip;<\/p>\n","protected":false},"author":2,"featured_media":5362,"comment_status":"open","ping_status":"open","sticky":false,"template":"","format":"standard","meta":{"_jetpack_memberships_contains_paid_content":false,"footnotes":"","jetpack_publicize_message":"","jetpack_publicize_feature_enabled":true,"jetpack_social_post_already_shared":true,"jetpack_social_options":{"image_generator_settings":{"template":"highway","default_image_id":0,"font":"","enabled":false},"version":2}},"categories":[3],"tags":[],"class_list":["post-5361","post","type-post","status-publish","format-standard","has-post-thumbnail","hentry","category-sociedad"],"jetpack_publicize_connections":[],"jetpack_featured_media_url":"https:\/\/portalmovil.com.ar\/wp-content\/uploads\/2020\/04\/1515612170718.jpg","jetpack_sharing_enabled":true,"amp_enabled":true,"_links":{"self":[{"href":"https:\/\/portalmovil.com.ar\/index.php\/wp-json\/wp\/v2\/posts\/5361","targetHints":{"allow":["GET"]}}],"collection":[{"href":"https:\/\/portalmovil.com.ar\/index.php\/wp-json\/wp\/v2\/posts"}],"about":[{"href":"https:\/\/portalmovil.com.ar\/index.php\/wp-json\/wp\/v2\/types\/post"}],"author":[{"embeddable":true,"href":"https:\/\/portalmovil.com.ar\/index.php\/wp-json\/wp\/v2\/users\/2"}],"replies":[{"embeddable":true,"href":"https:\/\/portalmovil.com.ar\/index.php\/wp-json\/wp\/v2\/comments?post=5361"}],"version-history":[{"count":1,"href":"https:\/\/portalmovil.com.ar\/index.php\/wp-json\/wp\/v2\/posts\/5361\/revisions"}],"predecessor-version":[{"id":5363,"href":"https:\/\/portalmovil.com.ar\/index.php\/wp-json\/wp\/v2\/posts\/5361\/revisions\/5363"}],"wp:featuredmedia":[{"embeddable":true,"href":"https:\/\/portalmovil.com.ar\/index.php\/wp-json\/wp\/v2\/media\/5362"}],"wp:attachment":[{"href":"https:\/\/portalmovil.com.ar\/index.php\/wp-json\/wp\/v2\/media?parent=5361"}],"wp:term":[{"taxonomy":"category","embeddable":true,"href":"https:\/\/portalmovil.com.ar\/index.php\/wp-json\/wp\/v2\/categories?post=5361"},{"taxonomy":"post_tag","embeddable":true,"href":"https:\/\/portalmovil.com.ar\/index.php\/wp-json\/wp\/v2\/tags?post=5361"}],"curies":[{"name":"wp","href":"https:\/\/api.w.org\/{rel}","templated":true}]}}