{"id":53606,"date":"2022-03-29T17:37:10","date_gmt":"2022-03-29T20:37:10","guid":{"rendered":"https:\/\/portalmovil.com.ar\/?p=53606"},"modified":"2022-03-29T17:37:11","modified_gmt":"2022-03-29T20:37:11","slug":"el-kirchnerismo-quiere-controlar-el-uso-de-las-redes-sociales","status":"publish","type":"post","link":"https:\/\/portalmovil.com.ar\/index.php\/2022\/03\/29\/el-kirchnerismo-quiere-controlar-el-uso-de-las-redes-sociales\/","title":{"rendered":"El kirchnerismo quiere controlar el uso de las redes sociales"},"content":{"rendered":"\n<p>Gustavo Beliz, secretario de Asuntos Estrat\u00e9gicos y titular del Consejo Econ\u00f3mico y Social, asegur\u00f3 este martes que el Gobierno prepara un proyecto para regular las redes sociales. \u00abVamos a profundizar los lineamientos centrales del uso de las redes sociales para el bien com\u00fan\u00bb, dijo, y aclar\u00f3 que buscan evitar que se deje \u00abde intoxicar el esp\u00edritu de nuestra democracia\u00bb.<\/p>\n\n\n\n<p>Seg\u00fan explic\u00f3, su organismo cree en \u00abla Argentina del pacto social\u00bb y est\u00e1 en contra del \u00abodio social\u00bb. Defini\u00f3 que \u00abel acuerdo y el consenso son posibles\u00bb y que implementar\u00e1n \u00abvarios proyectos\u00bb en los pr\u00f3ximos meses. El discurso del funcionario fue en el Centro Cultural Kirchner (CCK). La jornada estuvo encabezada por el presidente Alberto Fern\u00e1ndez, quien present\u00f3 los ejes para la puesta en marcha del Plan Argentina Productiva 2030.<\/p>\n\n\n\n<p>De esta manera, Beliz sentenci\u00f3: \u00abVamos a profundizar los lineamientos centrales en el uso de las redes sociales para el bien com\u00fan.&nbsp;<strong>Estamos trabajando con un estudio pionero que marca y propone un pacto para el buen uso de las redes sociales y que dejen de intoxicar el esp\u00edritu de nuestra democracia<\/strong>\u00ab.<\/p>\n\n\n\n<p>Y agreg\u00f3: \u00abNo lo estamos haciendo solos. Hemos convocado a 40 universidades de la argentina para pensar y proponer estas iniciativas\u00bb.<\/p>\n\n\n\n<p>Del anuncio del Plan Argentina Productiva 2030 tambi\u00e9n participaron el jefe de gabinete, Juan Manzur, otros miembros del Gobierno y gobernadores, sindicalistas, empresarios y representantes de movimientos sociales.<\/p>\n","protected":false},"excerpt":{"rendered":"<p>Gustavo Beliz, secretario de Asuntos Estrat\u00e9gicos y titular del Consejo Econ\u00f3mico y Social, asegur\u00f3 este martes que el Gobierno prepara un proyecto para regular las redes sociales. \u00abVamos a profundizar los lineamientos centrales del uso de las redes sociales para el bien com\u00fan\u00bb, dijo, y aclar\u00f3 que buscan evitar que se deje \u00abde intoxicar el &hellip;<\/p>\n","protected":false},"author":2,"featured_media":53600,"comment_status":"open","ping_status":"open","sticky":false,"template":"","format":"standard","meta":{"_jetpack_memberships_contains_paid_content":false,"footnotes":"","jetpack_publicize_message":"","jetpack_publicize_feature_enabled":true,"jetpack_social_post_already_shared":true,"jetpack_social_options":{"image_generator_settings":{"template":"highway","default_image_id":0,"font":"","enabled":false},"version":2}},"categories":[639,14],"tags":[],"class_list":["post-53606","post","type-post","status-publish","format-standard","has-post-thumbnail","hentry","category-argentina","category-politica"],"jetpack_publicize_connections":[],"jetpack_featured_media_url":"https:\/\/portalmovil.com.ar\/wp-content\/uploads\/2022\/03\/77c9bb63-88e1-499c-b861-d5f8190babc4.jpg","jetpack_sharing_enabled":true,"amp_enabled":true,"_links":{"self":[{"href":"https:\/\/portalmovil.com.ar\/index.php\/wp-json\/wp\/v2\/posts\/53606","targetHints":{"allow":["GET"]}}],"collection":[{"href":"https:\/\/portalmovil.com.ar\/index.php\/wp-json\/wp\/v2\/posts"}],"about":[{"href":"https:\/\/portalmovil.com.ar\/index.php\/wp-json\/wp\/v2\/types\/post"}],"author":[{"embeddable":true,"href":"https:\/\/portalmovil.com.ar\/index.php\/wp-json\/wp\/v2\/users\/2"}],"replies":[{"embeddable":true,"href":"https:\/\/portalmovil.com.ar\/index.php\/wp-json\/wp\/v2\/comments?post=53606"}],"version-history":[{"count":1,"href":"https:\/\/portalmovil.com.ar\/index.php\/wp-json\/wp\/v2\/posts\/53606\/revisions"}],"predecessor-version":[{"id":53607,"href":"https:\/\/portalmovil.com.ar\/index.php\/wp-json\/wp\/v2\/posts\/53606\/revisions\/53607"}],"wp:featuredmedia":[{"embeddable":true,"href":"https:\/\/portalmovil.com.ar\/index.php\/wp-json\/wp\/v2\/media\/53600"}],"wp:attachment":[{"href":"https:\/\/portalmovil.com.ar\/index.php\/wp-json\/wp\/v2\/media?parent=53606"}],"wp:term":[{"taxonomy":"category","embeddable":true,"href":"https:\/\/portalmovil.com.ar\/index.php\/wp-json\/wp\/v2\/categories?post=53606"},{"taxonomy":"post_tag","embeddable":true,"href":"https:\/\/portalmovil.com.ar\/index.php\/wp-json\/wp\/v2\/tags?post=53606"}],"curies":[{"name":"wp","href":"https:\/\/api.w.org\/{rel}","templated":true}]}}