{"id":53501,"date":"2022-03-28T19:27:15","date_gmt":"2022-03-28T22:27:15","guid":{"rendered":"https:\/\/portalmovil.com.ar\/?p=53501"},"modified":"2022-03-28T19:27:18","modified_gmt":"2022-03-28T22:27:18","slug":"la-justicia-brasilena-ordeno-continuar-el-juicio-oral-a-juan-darthes","status":"publish","type":"post","link":"https:\/\/portalmovil.com.ar\/index.php\/2022\/03\/28\/la-justicia-brasilena-ordeno-continuar-el-juicio-oral-a-juan-darthes\/","title":{"rendered":"La Justicia brasile\u00f1a orden\u00f3 continuar el juicio oral a Juan Darth\u00e9s"},"content":{"rendered":"\n<p><br>Un juez revoc\u00f3 el fallo que hab\u00eda vuelto\u00a0a foja cero el proceso contra el actor Juan Darh\u00e9s,<strong>\u00a0acusado de abusar de Thelma Fardin<\/strong>. La propia actriz confirm\u00f3 la noticia,\u00a0que calific\u00f3 como un hecho \u00abhist\u00f3rico\u00bb.<\/p>\n\n\n\n<p>\u00ab<strong>Hist\u00f3rico: la justicia brasile\u00f1a revirti\u00f3 su decisi\u00f3n y orden\u00f3 continuar el juicio oral a Juan Darth\u00e9s&nbsp;<\/strong>en los tribunales federales\u00bb, expres\u00f3 Fardin a trav\u00e9s de las redes sociales.<\/p>\n\n\n\n<p>\u201cEl juicio vuelve al estado en el que estaba, porque&nbsp;<strong>la competencia es federal como dec\u00edamos.<\/strong>&nbsp;Es un gran paso y seguimos trabajando para que la justicia sea realmente justicia\u201d, agreg\u00f3.<\/p>\n\n\n\n<p>Seg\u00fan la actriz, la decisi\u00f3n se tom\u00f3 a partir de la audiencia del 12 de marzo pasado, durante la cual tanto el Ministerio P\u00fablico Fiscal como\u00a0el equipo de abogados de Fardin, se opusieron a la anulaci\u00f3n del juicio.<\/p>\n\n\n\n<p>Tras la divulgaci\u00f3n de la noticia, Fardin agreg\u00f3 que&nbsp;<strong>\u00abla resoluci\u00f3n adoptada hoy por el Tribunal Regional confirma la competencia federal y permite retomar las audiencias&nbsp;<\/strong>del juicio oral que se hab\u00eda iniciado el 30 de noviembre de 2021 y se encontraba en su etapa final cuando se orden\u00f3 la suspensi\u00f3n\u00bb.<\/p>\n\n\n\n<p>En la audiencia de la primera quincena de marzo estuvo presente la propia actriz denunciante, quien hab\u00eda viajado a Brasil a principios de marzo para encabezar la apelaci\u00f3n.<\/p>\n\n\n\n<p>En aquella oportunidad, Fardin advirti\u00f3 que \u00abla estrategia de parte de la defensa de Juan Darth\u00e9s era tratar de evitar que se llegara al final de este juicio. Evitar que se llegara a una sentencia\u00bb.<\/p>\n\n\n\n<p>En febrero, la justicia brasile\u00f1a hab\u00eda determinado que, a pesar de que faltaban dos audiencias para finalizar,&nbsp;<a href=\"https:\/\/www.pagina12.com.ar\/400583-thelma-fardin-conto-que-se-suspendio-el-juicio-contra-juan-d\">el juicio<\/a>&nbsp;deb\u00eda volver a fojas cero:&nbsp;\u00abUn Tribunal dice que no hay jurisdicci\u00f3n, que no est\u00e1 bien la jurisdicci\u00f3n y que no se puede juzgar ah\u00ed (en Brasil)\u00bb, cont\u00f3 la actriz en aquel momento.<\/p>\n\n\n\n<p>El Tribunal Superior argument\u00f3 en su momento que&nbsp;<strong>el caso presentaba dificultades, ya que el acusado ten\u00eda nacionalidad brasile\u00f1a, la denunciante era argentina y el hecho hab\u00eda ocurrido en un pa\u00eds de Centroam\u00e9rica.<\/strong><\/p>\n","protected":false},"excerpt":{"rendered":"<p>Un juez revoc\u00f3 el fallo que hab\u00eda vuelto\u00a0a foja cero el proceso contra el actor Juan Darh\u00e9s,\u00a0acusado de abusar de Thelma Fardin. La propia actriz confirm\u00f3 la noticia,\u00a0que calific\u00f3 como un hecho \u00abhist\u00f3rico\u00bb. \u00abHist\u00f3rico: la justicia brasile\u00f1a revirti\u00f3 su decisi\u00f3n y orden\u00f3 continuar el juicio oral a Juan Darth\u00e9s&nbsp;en los tribunales federales\u00bb, expres\u00f3 Fardin a &hellip;<\/p>\n","protected":false},"author":2,"featured_media":53502,"comment_status":"open","ping_status":"open","sticky":false,"template":"","format":"standard","meta":{"_jetpack_memberships_contains_paid_content":false,"footnotes":"","jetpack_publicize_message":"","jetpack_publicize_feature_enabled":true,"jetpack_social_post_already_shared":true,"jetpack_social_options":{"image_generator_settings":{"template":"highway","default_image_id":0,"font":"","enabled":false},"version":2}},"categories":[50],"tags":[],"class_list":["post-53501","post","type-post","status-publish","format-standard","has-post-thumbnail","hentry","category-judiciales"],"jetpack_publicize_connections":[],"jetpack_featured_media_url":"https:\/\/portalmovil.com.ar\/wp-content\/uploads\/2022\/03\/d3586c80-08cb-4aea-841d-adc89612aba7.jpg","jetpack_sharing_enabled":true,"amp_enabled":true,"_links":{"self":[{"href":"https:\/\/portalmovil.com.ar\/index.php\/wp-json\/wp\/v2\/posts\/53501","targetHints":{"allow":["GET"]}}],"collection":[{"href":"https:\/\/portalmovil.com.ar\/index.php\/wp-json\/wp\/v2\/posts"}],"about":[{"href":"https:\/\/portalmovil.com.ar\/index.php\/wp-json\/wp\/v2\/types\/post"}],"author":[{"embeddable":true,"href":"https:\/\/portalmovil.com.ar\/index.php\/wp-json\/wp\/v2\/users\/2"}],"replies":[{"embeddable":true,"href":"https:\/\/portalmovil.com.ar\/index.php\/wp-json\/wp\/v2\/comments?post=53501"}],"version-history":[{"count":1,"href":"https:\/\/portalmovil.com.ar\/index.php\/wp-json\/wp\/v2\/posts\/53501\/revisions"}],"predecessor-version":[{"id":53503,"href":"https:\/\/portalmovil.com.ar\/index.php\/wp-json\/wp\/v2\/posts\/53501\/revisions\/53503"}],"wp:featuredmedia":[{"embeddable":true,"href":"https:\/\/portalmovil.com.ar\/index.php\/wp-json\/wp\/v2\/media\/53502"}],"wp:attachment":[{"href":"https:\/\/portalmovil.com.ar\/index.php\/wp-json\/wp\/v2\/media?parent=53501"}],"wp:term":[{"taxonomy":"category","embeddable":true,"href":"https:\/\/portalmovil.com.ar\/index.php\/wp-json\/wp\/v2\/categories?post=53501"},{"taxonomy":"post_tag","embeddable":true,"href":"https:\/\/portalmovil.com.ar\/index.php\/wp-json\/wp\/v2\/tags?post=53501"}],"curies":[{"name":"wp","href":"https:\/\/api.w.org\/{rel}","templated":true}]}}