{"id":5349,"date":"2020-04-19T00:45:55","date_gmt":"2020-04-19T03:45:55","guid":{"rendered":"http:\/\/portalmovil.com.ar\/?p=5349"},"modified":"2020-04-19T00:46:01","modified_gmt":"2020-04-19T03:46:01","slug":"la-leonasa-capitanich-inauguro-la-primera-etapa-de-la-refuncionalizacion-del-hospital-local","status":"publish","type":"post","link":"https:\/\/portalmovil.com.ar\/index.php\/2020\/04\/19\/la-leonasa-capitanich-inauguro-la-primera-etapa-de-la-refuncionalizacion-del-hospital-local\/","title":{"rendered":"LA LEONASA: Capitanich inaugur\u00f3 la primera etapa de la refuncionalizaci\u00f3n del hospital local"},"content":{"rendered":"\n<p>El gobernador Jorge Capitanich y la ministra de Salud P\u00fablica, Paola Ben\u00edtez, inauguraron este s\u00e1bado la primera etapa la refuncionalizaci\u00f3n del Hospital \u201cDr. Alejandro Fleming\u201d de La Leonesa, que demand\u00f3 una inversi\u00f3n superior a los 19 millones de pesos.<\/p>\n\n\n\n<p>Acompa\u00f1ado en la recorrida por el intendente Jos\u00e9 Carabajal, la diputada provincial Elda Insaurralde, el equipo de m\u00e9dicos y trabajadores del nosocomio local, Capitanich destac\u00f3 la trascendencia de \u201cponer en condiciones este hospital que ha tenido un deterioro significativo y que ahora podr\u00e1 brindar atenci\u00f3n de calidad para m\u00e1s de 20 mil vecinos y vecinas de la zona\u201d.<\/p>\n\n\n\n<p>\u201cEsto tiene que ver con COVID-19 pero tiene que ver tambi\u00e9n con un plan de infraestructura edilicia en toda la provincia del Chaco, desde el Hospital de El Sauzalito con sus refacciones, hasta la intervenci\u00f3n que estamos haciendo en el Hospital Perrando, y hasta este de La Leonesa, implicando much\u00edsimas obras de refacci\u00f3n y ampliaci\u00f3n\u201d, se\u00f1al\u00f3 el mandatario.<\/p>\n\n\n\n<figure class=\"wp-block-image size-large\"><img loading=\"lazy\" decoding=\"async\" width=\"1000\" height=\"667\" src=\"https:\/\/portalmovil.com.ar\/wp-content\/uploads\/2020\/04\/0224f0d8-0c38-4a57-b670-eb18571f9409.jpg\" alt=\"\" class=\"wp-image-5350\" srcset=\"https:\/\/portalmovil.com.ar\/wp-content\/uploads\/2020\/04\/0224f0d8-0c38-4a57-b670-eb18571f9409.jpg 1000w, https:\/\/portalmovil.com.ar\/wp-content\/uploads\/2020\/04\/0224f0d8-0c38-4a57-b670-eb18571f9409-300x200.jpg 300w, https:\/\/portalmovil.com.ar\/wp-content\/uploads\/2020\/04\/0224f0d8-0c38-4a57-b670-eb18571f9409-768x512.jpg 768w\" sizes=\"auto, (max-width: 1000px) 100vw, 1000px\" \/><\/figure>\n\n\n\n<p>El Hospital \u201cDr. Alejandro Flemming\u201d es una unidad de atenci\u00f3n de Nivel III, que presta servicios de salud de manera permanente en forma ambulatoria y con posibilidades de brindar asistencia a personas internadas con patolog\u00edas de baja complejidad y atenci\u00f3n del parto normal.<\/p>\n\n\n\n<p>Esta primera etapa incluy\u00f3 la construcci\u00f3n del edificio nuevo, con ingreso principal, hall de espera, farmacia, dep\u00f3sito, kinesiolog\u00eda, sector de atenci\u00f3n al ni\u00f1o sano, vacunatorio, administraci\u00f3n, direcci\u00f3n y asistencia social.<\/p>\n\n\n\n<p>Tambi\u00e9n se remodel\u00f3 el edificio hist\u00f3rico, con sala de espera, mesa de entradas y los sectores de pediatr\u00eda, ginecolog\u00eda, cardiolog\u00eda, odontolog\u00eda, y consultorios externos. Adem\u00e1s se hicieron todos los ba\u00f1os, tanto p\u00fablicos como para los trabajadores.<\/p>\n\n\n\n<p>La idea principal se bas\u00f3 en reorganizar, jerarquizar, y refuncionalizar los espacios del edificio existente y ampliar el servicio para dar una respuesta adecuada a la demanda existente.<\/p>\n\n\n\n<p>Por eso la segunda etapa incluir\u00e1 los sectores de Emergencias M\u00e9dicas, Laboratorio y Sala de Rayos, entre otros, que ya presenta un avance del 30% y que ser\u00e1 terminado con fondos de Fonplata como parte del programa de recuperaci\u00f3n de infraestructura sanitaria.<\/p>\n\n\n\n<h3 class=\"wp-block-heading\"><strong>Infraestructura sanitaria<\/strong><\/h3>\n\n\n\n<p>La regi\u00f3n cuenta ya con el funcionamiento del hospital de la hermandad argentino-paraguaya, que est\u00e1 a\u00fan pendiente la obra inconclusa del Hospital de General Vedia, que se activar\u00eda al igual que otras tantas con el programa de financiamiento de FONPLATA.<\/p>\n\n\n\n<p>Al respecto, el gobernador adelant\u00f3 que dicho financiamiento est\u00e1 \u201cpr\u00f3ximo a aprobarse, el pr\u00f3ximo 28 de abril, en el Directorio\u201d y que implicar\u00eda un total de 54 millones de d\u00f3lares para toda la red sanitaria e involucra la incorporaci\u00f3n de telemedicina, equipo de red de fibra \u00f3ptica, y toda la tecnolog\u00eda inform\u00e1tica y de comunicaciones.<\/p>\n\n\n\n<p>\u201cEl pr\u00e9stamo con FONPLATA ser\u00e1 una enorme innovaci\u00f3n para una reconversi\u00f3n de car\u00e1cter estructural del sistema sanitario del Chaco que permitir\u00e1 mejorar sustancialmente la calidad\u201d, asegur\u00f3 Capitanich, y considerando que \u201cel epicentro de inversiones es el Perrando que requiere muy significativas modificaciones en estructura edilicia, en tecnolog\u00eda y en organizaci\u00f3n en materia de recursos humanos\u201d.<\/p>\n","protected":false},"excerpt":{"rendered":"<p>El gobernador Jorge Capitanich y la ministra de Salud P\u00fablica, Paola Ben\u00edtez, inauguraron este s\u00e1bado la primera etapa la refuncionalizaci\u00f3n del Hospital \u201cDr. Alejandro Fleming\u201d de La Leonesa, que demand\u00f3 una inversi\u00f3n superior a los 19 millones de pesos. Acompa\u00f1ado en la recorrida por el intendente Jos\u00e9 Carabajal, la diputada provincial Elda Insaurralde, el equipo &hellip;<\/p>\n","protected":false},"author":2,"featured_media":5351,"comment_status":"open","ping_status":"open","sticky":false,"template":"","format":"standard","meta":{"_jetpack_memberships_contains_paid_content":false,"footnotes":"","jetpack_publicize_message":"","jetpack_publicize_feature_enabled":true,"jetpack_social_post_already_shared":true,"jetpack_social_options":{"image_generator_settings":{"template":"highway","default_image_id":0,"font":"","enabled":false},"version":2}},"categories":[14,46,12],"tags":[],"class_list":["post-5349","post","type-post","status-publish","format-standard","has-post-thumbnail","hentry","category-politica","category-salud","category-ultimo"],"jetpack_publicize_connections":[],"jetpack_featured_media_url":"https:\/\/portalmovil.com.ar\/wp-content\/uploads\/2020\/04\/96c1739f-3ae7-4e02-8c38-e16f8aa5f98f.jpg","jetpack_sharing_enabled":true,"amp_enabled":true,"_links":{"self":[{"href":"https:\/\/portalmovil.com.ar\/index.php\/wp-json\/wp\/v2\/posts\/5349","targetHints":{"allow":["GET"]}}],"collection":[{"href":"https:\/\/portalmovil.com.ar\/index.php\/wp-json\/wp\/v2\/posts"}],"about":[{"href":"https:\/\/portalmovil.com.ar\/index.php\/wp-json\/wp\/v2\/types\/post"}],"author":[{"embeddable":true,"href":"https:\/\/portalmovil.com.ar\/index.php\/wp-json\/wp\/v2\/users\/2"}],"replies":[{"embeddable":true,"href":"https:\/\/portalmovil.com.ar\/index.php\/wp-json\/wp\/v2\/comments?post=5349"}],"version-history":[{"count":1,"href":"https:\/\/portalmovil.com.ar\/index.php\/wp-json\/wp\/v2\/posts\/5349\/revisions"}],"predecessor-version":[{"id":5352,"href":"https:\/\/portalmovil.com.ar\/index.php\/wp-json\/wp\/v2\/posts\/5349\/revisions\/5352"}],"wp:featuredmedia":[{"embeddable":true,"href":"https:\/\/portalmovil.com.ar\/index.php\/wp-json\/wp\/v2\/media\/5351"}],"wp:attachment":[{"href":"https:\/\/portalmovil.com.ar\/index.php\/wp-json\/wp\/v2\/media?parent=5349"}],"wp:term":[{"taxonomy":"category","embeddable":true,"href":"https:\/\/portalmovil.com.ar\/index.php\/wp-json\/wp\/v2\/categories?post=5349"},{"taxonomy":"post_tag","embeddable":true,"href":"https:\/\/portalmovil.com.ar\/index.php\/wp-json\/wp\/v2\/tags?post=5349"}],"curies":[{"name":"wp","href":"https:\/\/api.w.org\/{rel}","templated":true}]}}