{"id":53435,"date":"2022-03-27T17:00:48","date_gmt":"2022-03-27T20:00:48","guid":{"rendered":"https:\/\/portalmovil.com.ar\/?p=53435"},"modified":"2022-03-27T17:00:49","modified_gmt":"2022-03-27T20:00:49","slug":"barranqueras-se-ilumino-de-violeta-por-el-dia-mundial-de-la-concientizacion-de-la-epilepsia","status":"publish","type":"post","link":"https:\/\/portalmovil.com.ar\/index.php\/2022\/03\/27\/barranqueras-se-ilumino-de-violeta-por-el-dia-mundial-de-la-concientizacion-de-la-epilepsia\/","title":{"rendered":"Barranqueras se ilumin\u00f3 de violeta por el \u00abD\u00eda mundial de la concientizaci\u00f3n de la epilepsia\u00bb"},"content":{"rendered":"\n<p>La Secretar\u00eda de las Personas con Discapacidad de la Municipalidad de Barranqueras, se ilumin\u00f3 de violeta por el d\u00eda mundial de la concientizaci\u00f3n de la epilepsia. En este espacio ubicado en Av. 9 de julio 5370, se realiz\u00f3 este signo con el objetivo de visibilizar esta enfermedad cerebral cr\u00f3nica no transmisible que afecta a personas de todas las edades.<\/p>\n\n\n\n<p>Se cont\u00f3 con la presencia de la intendente Magda Ayala, la secretaria de las Personas con Discapacidad Viviana Ayala, la secretaria de Desarrollo Social Jessica Rivero y el equipo de la Secretar\u00eda. <\/p>\n\n\n\n<p>\u201cEste peque\u00f1o gesto, nos hace reflexionar y seguir trabajando comprometidos con la salud integral y el bienestar de cada vecino. Por lo que es importante visibilizar esta enfermedad y tomar conciencia entre todos, para mejorar la calidad de vida y acompa\u00f1ar a cada familia a trav\u00e9s de intervenciones concretas\u201d, expres\u00f3 la intendente Magda Ayala.<\/p>\n","protected":false},"excerpt":{"rendered":"<p>La Secretar\u00eda de las Personas con Discapacidad de la Municipalidad de Barranqueras, se ilumin\u00f3 de violeta por el d\u00eda mundial de la concientizaci\u00f3n de la epilepsia. En este espacio ubicado en Av. 9 de julio 5370, se realiz\u00f3 este signo con el objetivo de visibilizar esta enfermedad cerebral cr\u00f3nica no transmisible que afecta a personas &hellip;<\/p>\n","protected":false},"author":2,"featured_media":53436,"comment_status":"open","ping_status":"open","sticky":false,"template":"","format":"standard","meta":{"_jetpack_memberships_contains_paid_content":false,"footnotes":"","jetpack_publicize_message":"","jetpack_publicize_feature_enabled":true,"jetpack_social_post_already_shared":true,"jetpack_social_options":{"image_generator_settings":{"template":"highway","default_image_id":0,"font":"","enabled":false},"version":2}},"categories":[28],"tags":[],"class_list":["post-53435","post","type-post","status-publish","format-standard","has-post-thumbnail","hentry","category-actualidad"],"jetpack_publicize_connections":[],"jetpack_featured_media_url":"https:\/\/portalmovil.com.ar\/wp-content\/uploads\/2022\/03\/277000132_481588363603200_9207027370709954778_n.jpg","jetpack_sharing_enabled":true,"amp_enabled":true,"_links":{"self":[{"href":"https:\/\/portalmovil.com.ar\/index.php\/wp-json\/wp\/v2\/posts\/53435","targetHints":{"allow":["GET"]}}],"collection":[{"href":"https:\/\/portalmovil.com.ar\/index.php\/wp-json\/wp\/v2\/posts"}],"about":[{"href":"https:\/\/portalmovil.com.ar\/index.php\/wp-json\/wp\/v2\/types\/post"}],"author":[{"embeddable":true,"href":"https:\/\/portalmovil.com.ar\/index.php\/wp-json\/wp\/v2\/users\/2"}],"replies":[{"embeddable":true,"href":"https:\/\/portalmovil.com.ar\/index.php\/wp-json\/wp\/v2\/comments?post=53435"}],"version-history":[{"count":1,"href":"https:\/\/portalmovil.com.ar\/index.php\/wp-json\/wp\/v2\/posts\/53435\/revisions"}],"predecessor-version":[{"id":53437,"href":"https:\/\/portalmovil.com.ar\/index.php\/wp-json\/wp\/v2\/posts\/53435\/revisions\/53437"}],"wp:featuredmedia":[{"embeddable":true,"href":"https:\/\/portalmovil.com.ar\/index.php\/wp-json\/wp\/v2\/media\/53436"}],"wp:attachment":[{"href":"https:\/\/portalmovil.com.ar\/index.php\/wp-json\/wp\/v2\/media?parent=53435"}],"wp:term":[{"taxonomy":"category","embeddable":true,"href":"https:\/\/portalmovil.com.ar\/index.php\/wp-json\/wp\/v2\/categories?post=53435"},{"taxonomy":"post_tag","embeddable":true,"href":"https:\/\/portalmovil.com.ar\/index.php\/wp-json\/wp\/v2\/tags?post=53435"}],"curies":[{"name":"wp","href":"https:\/\/api.w.org\/{rel}","templated":true}]}}