{"id":53129,"date":"2022-03-22T20:48:01","date_gmt":"2022-03-22T23:48:01","guid":{"rendered":"https:\/\/portalmovil.com.ar\/?p=53129"},"modified":"2022-03-22T20:48:03","modified_gmt":"2022-03-22T23:48:03","slug":"chaco-tendra-su-propia-moneda-digital-con-valor-ecologico","status":"publish","type":"post","link":"https:\/\/portalmovil.com.ar\/index.php\/2022\/03\/22\/chaco-tendra-su-propia-moneda-digital-con-valor-ecologico\/","title":{"rendered":"Chaco tendr\u00e1 su propia moneda digital con valor ecol\u00f3gico"},"content":{"rendered":"\n<p>El gobernador Jorge Capitanich mantuvo este martes, en Buenos Aires, una reuni\u00f3n con el secretario de\u00a0<strong>Asuntos T\u00e9cnicos de Naci\u00f3n, Gustavo Beliz, junto a qui\u00e9n avanz\u00f3 en tres cuestiones de agenda: detalles t\u00e9cnicos para la emisi\u00f3n del token sostenible<\/strong>; la coordinaci\u00f3n de acciones para la organizaci\u00f3n del encuentro del Consejo Econ\u00f3mico y Social en la provincia, y el estado del plan de regularizaci\u00f3n de tierras urbanas y rurales a nivel local.<\/p>\n\n\n\n<p><strong>Acerca del Token Sostenible<\/strong>, que&nbsp;<strong>se constituir\u00e1 como la primera moneda digital de valor ecosist\u00e9mico, con aspiraci\u00f3n de revolucionar el mercado ambiental,&nbsp;<\/strong>Capitanich adelant\u00f3 que la emisi\u00f3n de este \u201cpermitir\u00e1 registrar el valor financiero de los servicios ecosist\u00e9micos en la provincia, en una superficie estimada de 100.000 hect\u00e1reas\u201d.<\/p>\n\n\n\n<p>En esa l\u00ednea,<strong>&nbsp;el mandatario remarc\u00f3 que se trata de \u201cla primera experiencia piloto dentro del sector p\u00fablico\u201d&nbsp;<\/strong>y explic\u00f3:&nbsp;<strong>\u201cEstamos trabajando un instrumento financiero que permita la valorizaci\u00f3n de un activo intangible, a trav\u00e9s de la emisi\u00f3n de un token con un registro digital v\u00eda blockchain que nos permita ver las primeras cien mil hect\u00e1reas, para la provincia del chaco, con un sistema de certificaci\u00f3n, con m\u00e9todo de valorizaci\u00f3n adecuada\u201d.<\/strong><\/p>\n\n\n\n<p>\u201cEn otras palabras,&nbsp;<strong>lo que estamos haciendo es proteger el ambiente con recursos internacionales. Lo que se hace es compensar el trabajo de una familia chaque\u00f1a de El Impenetrable para proteger el bosque nativo\u201d<\/strong>, afirm\u00f3.<\/p>\n\n\n\n<p>En el mismo sentido, explic\u00f3 que, a partir de la emisi\u00f3n del token, \u201cesa familia que hoy sufre de privaciones va a tener la posibilidad de que el estado intervenga en su vivienda digna, provisi\u00f3n de agua y compensar el esfuerzo que hace para proveer de ox\u00edgeno al mundo\u201d. \u201cEso es justicia social, y es justicia en el m\u00e1s profundo de los sentidos de la palabra\u201d, concluy\u00f3 el jefe del Ejecutivo chaque\u00f1o.<\/p>\n\n\n\n<p>Por otra parte, Capitanich plante\u00f3 ante Beliz la intenci\u00f3n de que la provincia sea sede, en una fecha \u201ca convenir, entre el 18 y 21 de abril\u201d, de una pr\u00f3xima edici\u00f3n del Encuentro del Consejo Econ\u00f3mico y Social.<\/p>\n\n\n\n<p>Como tercer tema de agenda, el mandatario chaque\u00f1o y el secretario de Asuntos T\u00e9cnicos de Naci\u00f3n analizaron el Plan de Regularizaci\u00f3n de tierras urbanas y rurales, en la provincia que \u201cforma parte de un componente que tiene que ver con una pol\u00edtica de estado en todo el territorio nacional, y la provincia del Chaco lo est\u00e1 implementando\u201d, aclar\u00f3 el gobernador.<\/p>\n","protected":false},"excerpt":{"rendered":"<p>El gobernador Jorge Capitanich mantuvo este martes, en Buenos Aires, una reuni\u00f3n con el secretario de\u00a0Asuntos T\u00e9cnicos de Naci\u00f3n, Gustavo Beliz, junto a qui\u00e9n avanz\u00f3 en tres cuestiones de agenda: detalles t\u00e9cnicos para la emisi\u00f3n del token sostenible; la coordinaci\u00f3n de acciones para la organizaci\u00f3n del encuentro del Consejo Econ\u00f3mico y Social en la provincia, &hellip;<\/p>\n","protected":false},"author":2,"featured_media":53130,"comment_status":"open","ping_status":"open","sticky":false,"template":"","format":"standard","meta":{"_jetpack_memberships_contains_paid_content":false,"footnotes":"","jetpack_publicize_message":"","jetpack_publicize_feature_enabled":true,"jetpack_social_post_already_shared":true,"jetpack_social_options":{"image_generator_settings":{"template":"highway","default_image_id":0,"font":"","enabled":false},"version":2}},"categories":[5,12],"tags":[],"class_list":["post-53129","post","type-post","status-publish","format-standard","has-post-thumbnail","hentry","category-chaco","category-ultimo"],"jetpack_publicize_connections":[],"jetpack_featured_media_url":"https:\/\/portalmovil.com.ar\/wp-content\/uploads\/2022\/03\/17127.jpg","jetpack_sharing_enabled":true,"amp_enabled":true,"_links":{"self":[{"href":"https:\/\/portalmovil.com.ar\/index.php\/wp-json\/wp\/v2\/posts\/53129","targetHints":{"allow":["GET"]}}],"collection":[{"href":"https:\/\/portalmovil.com.ar\/index.php\/wp-json\/wp\/v2\/posts"}],"about":[{"href":"https:\/\/portalmovil.com.ar\/index.php\/wp-json\/wp\/v2\/types\/post"}],"author":[{"embeddable":true,"href":"https:\/\/portalmovil.com.ar\/index.php\/wp-json\/wp\/v2\/users\/2"}],"replies":[{"embeddable":true,"href":"https:\/\/portalmovil.com.ar\/index.php\/wp-json\/wp\/v2\/comments?post=53129"}],"version-history":[{"count":1,"href":"https:\/\/portalmovil.com.ar\/index.php\/wp-json\/wp\/v2\/posts\/53129\/revisions"}],"predecessor-version":[{"id":53131,"href":"https:\/\/portalmovil.com.ar\/index.php\/wp-json\/wp\/v2\/posts\/53129\/revisions\/53131"}],"wp:featuredmedia":[{"embeddable":true,"href":"https:\/\/portalmovil.com.ar\/index.php\/wp-json\/wp\/v2\/media\/53130"}],"wp:attachment":[{"href":"https:\/\/portalmovil.com.ar\/index.php\/wp-json\/wp\/v2\/media?parent=53129"}],"wp:term":[{"taxonomy":"category","embeddable":true,"href":"https:\/\/portalmovil.com.ar\/index.php\/wp-json\/wp\/v2\/categories?post=53129"},{"taxonomy":"post_tag","embeddable":true,"href":"https:\/\/portalmovil.com.ar\/index.php\/wp-json\/wp\/v2\/tags?post=53129"}],"curies":[{"name":"wp","href":"https:\/\/api.w.org\/{rel}","templated":true}]}}