{"id":52950,"date":"2022-03-19T15:59:25","date_gmt":"2022-03-19T18:59:25","guid":{"rendered":"https:\/\/portalmovil.com.ar\/?p=52950"},"modified":"2022-03-19T15:59:27","modified_gmt":"2022-03-19T18:59:27","slug":"el-municipio-de-barranqueras-realiza-intervenciones-en-las-instituciones-educativas-de-la-ciudad","status":"publish","type":"post","link":"https:\/\/portalmovil.com.ar\/index.php\/2022\/03\/19\/el-municipio-de-barranqueras-realiza-intervenciones-en-las-instituciones-educativas-de-la-ciudad\/","title":{"rendered":"El Municipio de Barranqueras realiza intervenciones en las instituciones educativas de la ciudad"},"content":{"rendered":"\n<p>El equipo de la coordinaci\u00f3n de Educaci\u00f3n de la Municipalidad de Barranqueras, se encuentra trabajando en distintas intervenciones en las instituciones educativas de la ciudad. \u201cDesde la creaci\u00f3n del Foro Educativo, nos encontramos articulando en forma constante con directivos de cada instituci\u00f3n para poder acompa\u00f1arlos y dar respuestas a las demandas urgentes\u201d, puntualiz\u00f3 la intendente Magda Ayala.<\/p>\n\n\n\n<figure class=\"wp-block-image size-large\"><img loading=\"lazy\" decoding=\"async\" width=\"1024\" height=\"683\" src=\"https:\/\/portalmovil.com.ar\/wp-content\/uploads\/2022\/03\/d2f941f6-f451-4756-a94a-a055b8d45262-1024x683.jpg\" alt=\"\" class=\"wp-image-52951\" srcset=\"https:\/\/portalmovil.com.ar\/wp-content\/uploads\/2022\/03\/d2f941f6-f451-4756-a94a-a055b8d45262-1024x683.jpg 1024w, https:\/\/portalmovil.com.ar\/wp-content\/uploads\/2022\/03\/d2f941f6-f451-4756-a94a-a055b8d45262-300x200.jpg 300w, https:\/\/portalmovil.com.ar\/wp-content\/uploads\/2022\/03\/d2f941f6-f451-4756-a94a-a055b8d45262-768x512.jpg 768w, https:\/\/portalmovil.com.ar\/wp-content\/uploads\/2022\/03\/d2f941f6-f451-4756-a94a-a055b8d45262.jpg 1500w\" sizes=\"auto, (max-width: 1024px) 100vw, 1024px\" \/><\/figure>\n\n\n\n<figure class=\"wp-block-image size-full\"><img loading=\"lazy\" decoding=\"async\" width=\"898\" height=\"597\" src=\"https:\/\/portalmovil.com.ar\/wp-content\/uploads\/2022\/03\/95cafc4a-77d2-4a2a-912b-0018e0b51b16.jpg\" alt=\"\" class=\"wp-image-52952\" srcset=\"https:\/\/portalmovil.com.ar\/wp-content\/uploads\/2022\/03\/95cafc4a-77d2-4a2a-912b-0018e0b51b16.jpg 898w, https:\/\/portalmovil.com.ar\/wp-content\/uploads\/2022\/03\/95cafc4a-77d2-4a2a-912b-0018e0b51b16-300x199.jpg 300w, https:\/\/portalmovil.com.ar\/wp-content\/uploads\/2022\/03\/95cafc4a-77d2-4a2a-912b-0018e0b51b16-768x511.jpg 768w\" sizes=\"auto, (max-width: 898px) 100vw, 898px\" \/><\/figure>\n\n\n\n<p>\u201cAl igual que el a\u00f1o pasado, este a\u00f1o nos encontramos haciendo intervenciones en las escuelas, jardines y bibliotecas de la ciudad, dando respuesta a los pedidos que se efect\u00faan desde el Foro de Educaci\u00f3n\u201d, explic\u00f3 la coordinadora de Educaci\u00f3n Laura Zacar\u00edas y agrego: \u201cYa se hicieron reparaciones en rejas, puertas, instalaci\u00f3n y reemplazo de luminarias, cambios de enchufes y arreglos el\u00e9ctricos, construcci\u00f3n de rampa de ingreso, trabajo de pintura, arreglo de techos, trabajos de soldaduras y mantenimiento. Adem\u00e1s, se est\u00e1 realizando desmalezamiento y desinfecci\u00f3n, limpieza de tanques, y entrega de insumos de limpieza. Como tambi\u00e9n la gesti\u00f3n de refrigerio y comedores escolares\u201d.<\/p>\n\n\n\n<p>Cabe mencionar que estas intervenciones demandaban mucho m\u00e1s tiempo para su ejecuci\u00f3n ya que lo hac\u00eda el Ministerio de Educaci\u00f3n, pero \u00abdada la necesidad de que los ni\u00f1os y j\u00f3venes de Barranqueras cuenten con espacios acondicionados para estudiar, desde el Municipio afrontamos estos compromisos con nuestros recursos genuinos\u00bb, detall\u00f3 la intendente.<\/p>\n\n\n\n<p>Estos trabajos continuar\u00e1n realiz\u00e1ndose durante todo el a\u00f1o para asistir y acompa\u00f1ar a la comunidad educativa. \u201cLa educaci\u00f3n de nuestros ni\u00f1os, j\u00f3venes y adultos, es indispensable para pensar en una transformaci\u00f3n que nos permita hacer realidad la ciudad, que juntos ya estamos haciendo realidad con acciones concretas\u201d, finaliz\u00f3 la intendente Magda Ayala.<\/p>\n","protected":false},"excerpt":{"rendered":"<p>El equipo de la coordinaci\u00f3n de Educaci\u00f3n de la Municipalidad de Barranqueras, se encuentra trabajando en distintas intervenciones en las instituciones educativas de la ciudad. \u201cDesde la creaci\u00f3n del Foro Educativo, nos encontramos articulando en forma constante con directivos de cada instituci\u00f3n para poder acompa\u00f1arlos y dar respuestas a las demandas urgentes\u201d, puntualiz\u00f3 la intendente &hellip;<\/p>\n","protected":false},"author":2,"featured_media":52953,"comment_status":"open","ping_status":"open","sticky":false,"template":"","format":"standard","meta":{"_jetpack_memberships_contains_paid_content":false,"footnotes":"","jetpack_publicize_message":"","jetpack_publicize_feature_enabled":true,"jetpack_social_post_already_shared":true,"jetpack_social_options":{"image_generator_settings":{"template":"highway","default_image_id":0,"font":"","enabled":false},"version":2}},"categories":[28],"tags":[],"class_list":["post-52950","post","type-post","status-publish","format-standard","has-post-thumbnail","hentry","category-actualidad"],"jetpack_publicize_connections":[],"jetpack_featured_media_url":"https:\/\/portalmovil.com.ar\/wp-content\/uploads\/2022\/03\/c4046848-ef80-42d9-b4d6-74a6c6009d0a.jpg","jetpack_sharing_enabled":true,"amp_enabled":true,"_links":{"self":[{"href":"https:\/\/portalmovil.com.ar\/index.php\/wp-json\/wp\/v2\/posts\/52950","targetHints":{"allow":["GET"]}}],"collection":[{"href":"https:\/\/portalmovil.com.ar\/index.php\/wp-json\/wp\/v2\/posts"}],"about":[{"href":"https:\/\/portalmovil.com.ar\/index.php\/wp-json\/wp\/v2\/types\/post"}],"author":[{"embeddable":true,"href":"https:\/\/portalmovil.com.ar\/index.php\/wp-json\/wp\/v2\/users\/2"}],"replies":[{"embeddable":true,"href":"https:\/\/portalmovil.com.ar\/index.php\/wp-json\/wp\/v2\/comments?post=52950"}],"version-history":[{"count":1,"href":"https:\/\/portalmovil.com.ar\/index.php\/wp-json\/wp\/v2\/posts\/52950\/revisions"}],"predecessor-version":[{"id":52954,"href":"https:\/\/portalmovil.com.ar\/index.php\/wp-json\/wp\/v2\/posts\/52950\/revisions\/52954"}],"wp:featuredmedia":[{"embeddable":true,"href":"https:\/\/portalmovil.com.ar\/index.php\/wp-json\/wp\/v2\/media\/52953"}],"wp:attachment":[{"href":"https:\/\/portalmovil.com.ar\/index.php\/wp-json\/wp\/v2\/media?parent=52950"}],"wp:term":[{"taxonomy":"category","embeddable":true,"href":"https:\/\/portalmovil.com.ar\/index.php\/wp-json\/wp\/v2\/categories?post=52950"},{"taxonomy":"post_tag","embeddable":true,"href":"https:\/\/portalmovil.com.ar\/index.php\/wp-json\/wp\/v2\/tags?post=52950"}],"curies":[{"name":"wp","href":"https:\/\/api.w.org\/{rel}","templated":true}]}}