{"id":52947,"date":"2022-03-19T15:50:26","date_gmt":"2022-03-19T18:50:26","guid":{"rendered":"https:\/\/portalmovil.com.ar\/?p=52947"},"modified":"2022-03-19T15:50:29","modified_gmt":"2022-03-19T18:50:29","slug":"instalaron-paneles-solares-del-hospital-pediatrico-de-resistencia","status":"publish","type":"post","link":"https:\/\/portalmovil.com.ar\/index.php\/2022\/03\/19\/instalaron-paneles-solares-del-hospital-pediatrico-de-resistencia\/","title":{"rendered":"Instalaron paneles solares del Hospital Pedi\u00e1trico de Resistencia"},"content":{"rendered":"\n<p>En el hospital Pedi\u00e1trico, el gobernador Jorge Capitanich habilit\u00f3 esta ma\u00f1ana un sistema de paneles solares para autogeneraci\u00f3n energ\u00e9tica en el marco del proyecto de energ\u00edas limpias y renovables. \u201cEsto implica la provisi\u00f3n del 10 por ciento del consumo energ\u00e9tico del hospital en momentos pico\u201d, explic\u00f3 el mandatario.<\/p>\n\n\n\n<p>El gobernador recorri\u00f3 la obra, que demand\u00f3 una inversi\u00f3n de $9.377.089 con financiamiento de la cartera de infraestructura.<\/p>\n\n\n\n<p>Esto minimiza el pico de demanda para evitar el colapso energ\u00e9tico en las redes de distribuci\u00f3n en los momentos de mayor demanda. \u201cPara nosotros es muy importante propender a tener en los organismos p\u00fablicos energ\u00edas limpias y renovables a partir de un marco jur\u00eddico regulatorio\u201d, asegur\u00f3 el gobernador. Y a\u00f1adi\u00f3 que la energ\u00eda solar es una ventaja comparativa muy importante para el Norte del pa\u00eds, as\u00ed como para el Sur lo es la energ\u00eda e\u00f3lica.<\/p>\n\n\n\n<p>En su visita al principal hospital infantil de la provincia, Capitanich se refiri\u00f3 tambi\u00e9n a la importancia del efector que cuenta con 40 consultorios, 107 camas y un gran staff de profesionales y record\u00f3 que el mes pr\u00f3ximo comenzar\u00e1 la construcci\u00f3n del materno infantil de S\u00e1enz pe\u00f1a, para sumar un nuevo servicio de alta complejidad para la atenci\u00f3n de ni\u00f1os y ni\u00f1as. \u201cTambi\u00e9n en el Perrando tenemos un plan director con intervenciones que implican la renovaci\u00f3n de todas las pastillas y unidades de servicio, para llegar en los pr\u00f3ximos a\u00f1os a la renovaci\u00f3n integral del efector\u201d, dijo.<\/p>\n\n\n\n<p>Por otro lado, coment\u00f3 que ante el aumento de consultas por casos de influenza la provincia pondr\u00e1 en marcha un sistema de guardias alternativas en Fontana Barranqueras y algunos centros sanitarios de referencia, adem\u00e1s del Pedi\u00e1trico, para evitar aglomeraciones y atender adecuadamente la demanda existente.<\/p>\n","protected":false},"excerpt":{"rendered":"<p>En el hospital Pedi\u00e1trico, el gobernador Jorge Capitanich habilit\u00f3 esta ma\u00f1ana un sistema de paneles solares para autogeneraci\u00f3n energ\u00e9tica en el marco del proyecto de energ\u00edas limpias y renovables. \u201cEsto implica la provisi\u00f3n del 10 por ciento del consumo energ\u00e9tico del hospital en momentos pico\u201d, explic\u00f3 el mandatario. El gobernador recorri\u00f3 la obra, que demand\u00f3 &hellip;<\/p>\n","protected":false},"author":2,"featured_media":52948,"comment_status":"open","ping_status":"open","sticky":false,"template":"","format":"standard","meta":{"_jetpack_memberships_contains_paid_content":false,"footnotes":"","jetpack_publicize_message":"","jetpack_publicize_feature_enabled":true,"jetpack_social_post_already_shared":true,"jetpack_social_options":{"image_generator_settings":{"template":"highway","default_image_id":0,"font":"","enabled":false},"version":2}},"categories":[5,14,12],"tags":[],"class_list":["post-52947","post","type-post","status-publish","format-standard","has-post-thumbnail","hentry","category-chaco","category-politica","category-ultimo"],"jetpack_publicize_connections":[],"jetpack_featured_media_url":"https:\/\/portalmovil.com.ar\/wp-content\/uploads\/2022\/03\/31f7b4fa20ce77648fc2944c07f40df1.jpg","jetpack_sharing_enabled":true,"amp_enabled":true,"_links":{"self":[{"href":"https:\/\/portalmovil.com.ar\/index.php\/wp-json\/wp\/v2\/posts\/52947","targetHints":{"allow":["GET"]}}],"collection":[{"href":"https:\/\/portalmovil.com.ar\/index.php\/wp-json\/wp\/v2\/posts"}],"about":[{"href":"https:\/\/portalmovil.com.ar\/index.php\/wp-json\/wp\/v2\/types\/post"}],"author":[{"embeddable":true,"href":"https:\/\/portalmovil.com.ar\/index.php\/wp-json\/wp\/v2\/users\/2"}],"replies":[{"embeddable":true,"href":"https:\/\/portalmovil.com.ar\/index.php\/wp-json\/wp\/v2\/comments?post=52947"}],"version-history":[{"count":1,"href":"https:\/\/portalmovil.com.ar\/index.php\/wp-json\/wp\/v2\/posts\/52947\/revisions"}],"predecessor-version":[{"id":52949,"href":"https:\/\/portalmovil.com.ar\/index.php\/wp-json\/wp\/v2\/posts\/52947\/revisions\/52949"}],"wp:featuredmedia":[{"embeddable":true,"href":"https:\/\/portalmovil.com.ar\/index.php\/wp-json\/wp\/v2\/media\/52948"}],"wp:attachment":[{"href":"https:\/\/portalmovil.com.ar\/index.php\/wp-json\/wp\/v2\/media?parent=52947"}],"wp:term":[{"taxonomy":"category","embeddable":true,"href":"https:\/\/portalmovil.com.ar\/index.php\/wp-json\/wp\/v2\/categories?post=52947"},{"taxonomy":"post_tag","embeddable":true,"href":"https:\/\/portalmovil.com.ar\/index.php\/wp-json\/wp\/v2\/tags?post=52947"}],"curies":[{"name":"wp","href":"https:\/\/api.w.org\/{rel}","templated":true}]}}