{"id":52700,"date":"2022-03-16T10:13:52","date_gmt":"2022-03-16T13:13:52","guid":{"rendered":"https:\/\/portalmovil.com.ar\/?p=52700"},"modified":"2022-03-16T10:13:56","modified_gmt":"2022-03-16T13:13:56","slug":"incendios-en-corrientes-optimismo-por-una-pronta-recuperacion-del-ecosistema-ibera","status":"publish","type":"post","link":"https:\/\/portalmovil.com.ar\/index.php\/2022\/03\/16\/incendios-en-corrientes-optimismo-por-una-pronta-recuperacion-del-ecosistema-ibera\/","title":{"rendered":"Incendios en Corrientes: optimismo por una pronta recuperaci\u00f3n del ecosistema Iber\u00e1"},"content":{"rendered":"\n<p>El investigador Mario Chatellenaz calific\u00f3 de \u201cincorrectas e infundadas\u201d las afirmaciones vertidas en medios period\u00edsticos y redes sociales, en las que se sostiene que la vegetaci\u00f3n del Iber\u00e1 y otras \u00e1reas de la provincia de Corrientes tardar\u00e1 d\u00e9cadas en volver a ser como antes de los incendios all\u00ed registrados. Para el cient\u00edfico, \u201cen todo caso, los que pueden tardar m\u00e1s tiempo en recuperarse son los bosques, ya que las comunidades de esteros y pajonales se recuperar\u00e1n r\u00e1pidamente \u2013 de hecho ya lo est\u00e1n haciendo- y no necesitan ser restauradas\u201d.<\/p>\n\n\n\n<p>En ese sentido, por restauraci\u00f3n se entiende a la recuperaci\u00f3n de la estructura y composici\u00f3n flor\u00edstica de una comunidad vegetal, mediante intervenci\u00f3n humana, \u201cya sea mediante siembra de semillas o trasplante desde un vivero, de renovales de especies nativas propias de ese lugar\u201d. El licenciado Chatellenaz es el director del Laboratorio de Ornitolog\u00eda y Mastozoolog\u00eda (LABOMA) de la Facultad de Ciencias Exactas y Naturales y Agrimensura de la UNNE, y considera a las quemas controladas y reguladas de pajonales y pastizales, como una herramienta indispensable para la conservaci\u00f3n de especies animales como as\u00ed tambi\u00e9n de las comunidades vegetales donde viven.<\/p>\n\n\n\n<p>\u201cMuchas especies animales, particularmente aves, dependen de pajonales y pastizales. Si \u00e9stos dejan de quemarse por varios a\u00f1os, disminuye significativamente la diversidad de aves en estas comunidades\u201d. Algunas de esas especies de aves a las que hacer referencia Chatellenaz, est\u00e1n consideradas como en peligro de extinci\u00f3n o amenazadas. \u201cDebemos tener siempre presente que no podemos conservar especies animales sin conservar tambi\u00e9n las comunidades vegetales donde viven\u201d.<\/p>\n\n\n\n<p>Tambi\u00e9n el fuego, controlado y regulado, es valioso para el mantenimiento de las comunidades herb\u00e1ceas de Corrientes. \u201cLas especies de estas comunidades est\u00e1n adaptadas en mayor o menor grado al fuego, y poseen sus \u00f3rganos de regeneraci\u00f3n (yemas) situados al ras de la superficie del suelo, o debajo de \u00e9ste. Como consecuencia, poco tiempo despu\u00e9s de las quemas \u2013a veces d\u00edas- comienza a observarse un profuso rebrote de hierbas y pastos, generalmente con una abundante floraci\u00f3n\u201d.<\/p>\n\n\n\n<figure class=\"wp-block-image\"><img decoding=\"async\" src=\"http:\/\/agenciafoco.com.ar\/media\/cache\/quality\/uploads\/noticias\/62314ccfaf201914878710.JPG\" alt=\"\"\/><\/figure>\n\n\n\n<p>Una semana despu\u00e9s de las quemas, se observa el pasto rebrotando, con unos pocos cent\u00edmetros de altura.<\/p>\n\n\n\n<p>Ahora bien, al fuego se lo ve como un elemento peligroso&nbsp;<strong>\u00bfqu\u00e9 ocurrir\u00eda si se lo suprime?&nbsp;<\/strong>\u201cFundamentalmente provoca que algunas especies de pastos se tornen dominantes, y \u201cahoguen\u201d a las especies de hierbas m\u00e1s peque\u00f1as. Como consecuencia, se acumula biomasa seca, que puede desencadenar incendios catastr\u00f3ficos\u201d.<\/p>\n\n\n\n<p>Chatellenaz desarrolla en profundidad este concepto. \u201cCuando no se queman los pajonales por varios a\u00f1os- adem\u00e1s de lo se\u00f1alado anteriormente-se produce la degradaci\u00f3n de los pajonales y pastizales. Entre las matas de pastos germinan y crecen arbustos, trepadoras y renuevos de \u00e1rboles, que finalmente llevar\u00e1n al desaparici\u00f3n y reemplazo de estas comunidades por matorrales o un bosque. Estudios sobre la din\u00e1mica de los pajonales del NEA han sido llevados a cabo en detalle por otros investigadores de la Facena\u201d.<\/p>\n\n\n\n<figure class=\"wp-block-image\"><img decoding=\"async\" src=\"http:\/\/agenciafoco.com.ar\/media\/cache\/quality\/uploads\/noticias\/62314ccfb0070978480051.JPG\" alt=\"\"\/><\/figure>\n\n\n\n<p>Grupo de Pechos Amarillos Grandes, aves t\u00edpicas de estos ambientes, aliment\u00e1ndose entre los brotes de pastos.<\/p>\n\n\n\n<p>En investigaciones sobre el efecto de las quemas sobre aves de pajonales en el Parque Nacional Mburucuy\u00e1, un \u00e1rea protegida que maneja a estas comunidades herb\u00e1ceas con quemas controladas, se pudo observar que durante periodos de varios a\u00f1os de supresi\u00f3n de fuego, \u201caves como los \u00f1and\u00faes y mam\u00edferos como los aguar\u00e1 guaz\u00fa, disminuyeron notablemente su presencia\u201d.<\/p>\n\n\n\n<p>\u201cEn cambio, era frecuente verlos en los campos ganaderos vecinos donde se efectuaban quemas para favorecer el rebrote de los pastos. Los resultados de muestreos de aves propias de pajonales mostraron muy baja diversidad en aquellos sin quemas, y mayor diversidad en aquellos que est\u00e1n manejados con quemas peri\u00f3dicas\u201d.<\/p>\n\n\n\n<p>En conclusi\u00f3n, el investigador sostiene la necesidad de no suprimir las quemas de pastizales y pajonales, y hacerlas de manera regulada y controlada.&nbsp; Eso s\u00ed, interrumpirlas en \u00e9pocas de sequ\u00eda \u201ccomo la que atravesamos recientemente, donde los incendios pueden alcanzar magnitudes catastr\u00f3ficas, tanto para la fauna como para las actividades productivas, cultivos, forestaciones, ganader\u00eda\u201d.<\/p>\n","protected":false},"excerpt":{"rendered":"<p>El investigador Mario Chatellenaz calific\u00f3 de \u201cincorrectas e infundadas\u201d las afirmaciones vertidas en medios period\u00edsticos y redes sociales, en las que se sostiene que la vegetaci\u00f3n del Iber\u00e1 y otras \u00e1reas de la provincia de Corrientes tardar\u00e1 d\u00e9cadas en volver a ser como antes de los incendios all\u00ed registrados. Para el cient\u00edfico, \u201cen todo caso, &hellip;<\/p>\n","protected":false},"author":2,"featured_media":52701,"comment_status":"open","ping_status":"open","sticky":false,"template":"","format":"standard","meta":{"_jetpack_memberships_contains_paid_content":false,"footnotes":"","jetpack_publicize_message":"","jetpack_publicize_feature_enabled":true,"jetpack_social_post_already_shared":true,"jetpack_social_options":{"image_generator_settings":{"template":"highway","default_image_id":0,"font":"","enabled":false},"version":2}},"categories":[28],"tags":[],"class_list":["post-52700","post","type-post","status-publish","format-standard","has-post-thumbnail","hentry","category-actualidad"],"jetpack_publicize_connections":[],"jetpack_featured_media_url":"https:\/\/portalmovil.com.ar\/wp-content\/uploads\/2022\/03\/imagepng.png","jetpack_sharing_enabled":true,"amp_enabled":true,"_links":{"self":[{"href":"https:\/\/portalmovil.com.ar\/index.php\/wp-json\/wp\/v2\/posts\/52700","targetHints":{"allow":["GET"]}}],"collection":[{"href":"https:\/\/portalmovil.com.ar\/index.php\/wp-json\/wp\/v2\/posts"}],"about":[{"href":"https:\/\/portalmovil.com.ar\/index.php\/wp-json\/wp\/v2\/types\/post"}],"author":[{"embeddable":true,"href":"https:\/\/portalmovil.com.ar\/index.php\/wp-json\/wp\/v2\/users\/2"}],"replies":[{"embeddable":true,"href":"https:\/\/portalmovil.com.ar\/index.php\/wp-json\/wp\/v2\/comments?post=52700"}],"version-history":[{"count":1,"href":"https:\/\/portalmovil.com.ar\/index.php\/wp-json\/wp\/v2\/posts\/52700\/revisions"}],"predecessor-version":[{"id":52702,"href":"https:\/\/portalmovil.com.ar\/index.php\/wp-json\/wp\/v2\/posts\/52700\/revisions\/52702"}],"wp:featuredmedia":[{"embeddable":true,"href":"https:\/\/portalmovil.com.ar\/index.php\/wp-json\/wp\/v2\/media\/52701"}],"wp:attachment":[{"href":"https:\/\/portalmovil.com.ar\/index.php\/wp-json\/wp\/v2\/media?parent=52700"}],"wp:term":[{"taxonomy":"category","embeddable":true,"href":"https:\/\/portalmovil.com.ar\/index.php\/wp-json\/wp\/v2\/categories?post=52700"},{"taxonomy":"post_tag","embeddable":true,"href":"https:\/\/portalmovil.com.ar\/index.php\/wp-json\/wp\/v2\/tags?post=52700"}],"curies":[{"name":"wp","href":"https:\/\/api.w.org\/{rel}","templated":true}]}}