{"id":52642,"date":"2022-03-15T15:23:58","date_gmt":"2022-03-15T18:23:58","guid":{"rendered":"https:\/\/portalmovil.com.ar\/?p=52642"},"modified":"2022-03-15T15:24:01","modified_gmt":"2022-03-15T18:24:01","slug":"espana-se-tino-de-naranja-por-una-nube-de-polvo-proveniente-del-desierto-del-sahara","status":"publish","type":"post","link":"https:\/\/portalmovil.com.ar\/index.php\/2022\/03\/15\/espana-se-tino-de-naranja-por-una-nube-de-polvo-proveniente-del-desierto-del-sahara\/","title":{"rendered":"Espa\u00f1a se ti\u00f1\u00f3 de naranja por una nube de polvo proveniente del Desierto del Sahara"},"content":{"rendered":"\n<p>Veh\u00edculos cubiertos de una capa de polvo naranja, pasillos del metro con arena y un cielo te\u00f1ido de rojo: una gran nube de polvo proveniente del S\u00e1hara se cerni\u00f3 la noche del lunes al martes sobre Madrid y buena parte de\u00a0Espa\u00f1a.<\/p>\n\n\n\n<p>Personas limpiando con mangueras sus coches, sus terrazas o los portales de los edificios se pod\u00edan ver en pleno centro de la capital espa\u00f1ola, donde\u00a0<strong>este fino polvo ocre transform\u00f3 el paisaje.<\/strong><\/p>\n\n\n\n<p><strong>En el metro y los estacionamientos los suelos estaban polvorientos y las ventanas en los \u00faltimos pisos de los edificios mostraban manchas marrones.<\/strong><\/p>\n\n\n\n<h3 class=\"wp-block-heading\"><strong>A este fen\u00f3meno meteorol\u00f3gico, de fuertes vientos calientes cargados de polvo de arena del desierto del S\u00e1hara, se le denomina en Espa\u00f1a \u201ccalima\u201d. Es bastante com\u00fan, sobre todo en el archipi\u00e9lago atl\u00e1ntico de Canarias, situado en el noroeste de \u00c1frica.<\/strong><\/h3>\n\n\n\n<p>El actual es un \u00abextraordinario episodio de calima con reducciones de la visibilidad muy importantes en amplias zonas de la pen\u00ednsula\u00bb, detall\u00f3 en un mensaje a periodistas Rub\u00e9n del Campo, portavoz de la Agencia Estatal de Meteorolog\u00eda (Aemet), que afecta a \u00abciudades tan distantes como Granada (sur), Madrid (centro) y Le\u00f3n (noroeste)\u00bb.<\/p>\n\n\n\n<p><strong>Va a ser persistente, ya que \u00abest\u00e1 previsto que contin\u00fae llegando polvo en gran cantidad durante lo que queda de martes 15 y durante el mi\u00e9rcoles 16&#8243;. \u201cEn las pr\u00f3ximas horas llegar\u00e1 a zonas tan distantes del S\u00e1hara\u00bb, como Pa\u00edses Bajos y Alemania,\u00a0<\/strong>dijo Del Campo.<\/p>\n\n\n\n<p><strong>Las tormentas en el desierto del S\u00e1hara crean r\u00e1fagas de viento en la superficie del suelo, que levantan part\u00edculas de arena y polvo<\/strong>, explic\u00f3 la Aemet en un video en Twitter.<\/p>\n\n\n\n<p>Las part\u00edculas m\u00e1s peque\u00f1as quedan suspendidas en el aire gracias a la diferencia de temperatura entre el aire caliente en altura y el suelo que se enfr\u00eda, mientras que las m\u00e1s pesadas caen, seg\u00fan la instituci\u00f3n.<\/p>\n\n\n\n<p>Luego el viento transporta las part\u00edculas hacia la pen\u00ednsula ib\u00e9rica, donde no se descarta que haya \u00ablluvias de barro\u00bb sobre Espa\u00f1a, si confluye la calima con las precipitaciones.<\/p>\n","protected":false},"excerpt":{"rendered":"<p>Veh\u00edculos cubiertos de una capa de polvo naranja, pasillos del metro con arena y un cielo te\u00f1ido de rojo: una gran nube de polvo proveniente del S\u00e1hara se cerni\u00f3 la noche del lunes al martes sobre Madrid y buena parte de\u00a0Espa\u00f1a. Personas limpiando con mangueras sus coches, sus terrazas o los portales de los edificios &hellip;<\/p>\n","protected":false},"author":2,"featured_media":52643,"comment_status":"open","ping_status":"open","sticky":false,"template":"","format":"standard","meta":{"_jetpack_memberships_contains_paid_content":false,"footnotes":"","jetpack_publicize_message":"","jetpack_publicize_feature_enabled":true,"jetpack_social_post_already_shared":true,"jetpack_social_options":{"image_generator_settings":{"template":"highway","default_image_id":0,"font":"","enabled":false},"version":2}},"categories":[17],"tags":[],"class_list":["post-52642","post","type-post","status-publish","format-standard","has-post-thumbnail","hentry","category-mundo"],"jetpack_publicize_connections":[],"jetpack_featured_media_url":"https:\/\/portalmovil.com.ar\/wp-content\/uploads\/2022\/03\/62308fb48a765__780x420.jpeg","jetpack_sharing_enabled":true,"amp_enabled":true,"_links":{"self":[{"href":"https:\/\/portalmovil.com.ar\/index.php\/wp-json\/wp\/v2\/posts\/52642","targetHints":{"allow":["GET"]}}],"collection":[{"href":"https:\/\/portalmovil.com.ar\/index.php\/wp-json\/wp\/v2\/posts"}],"about":[{"href":"https:\/\/portalmovil.com.ar\/index.php\/wp-json\/wp\/v2\/types\/post"}],"author":[{"embeddable":true,"href":"https:\/\/portalmovil.com.ar\/index.php\/wp-json\/wp\/v2\/users\/2"}],"replies":[{"embeddable":true,"href":"https:\/\/portalmovil.com.ar\/index.php\/wp-json\/wp\/v2\/comments?post=52642"}],"version-history":[{"count":1,"href":"https:\/\/portalmovil.com.ar\/index.php\/wp-json\/wp\/v2\/posts\/52642\/revisions"}],"predecessor-version":[{"id":52644,"href":"https:\/\/portalmovil.com.ar\/index.php\/wp-json\/wp\/v2\/posts\/52642\/revisions\/52644"}],"wp:featuredmedia":[{"embeddable":true,"href":"https:\/\/portalmovil.com.ar\/index.php\/wp-json\/wp\/v2\/media\/52643"}],"wp:attachment":[{"href":"https:\/\/portalmovil.com.ar\/index.php\/wp-json\/wp\/v2\/media?parent=52642"}],"wp:term":[{"taxonomy":"category","embeddable":true,"href":"https:\/\/portalmovil.com.ar\/index.php\/wp-json\/wp\/v2\/categories?post=52642"},{"taxonomy":"post_tag","embeddable":true,"href":"https:\/\/portalmovil.com.ar\/index.php\/wp-json\/wp\/v2\/tags?post=52642"}],"curies":[{"name":"wp","href":"https:\/\/api.w.org\/{rel}","templated":true}]}}