{"id":52197,"date":"2022-03-07T20:34:11","date_gmt":"2022-03-07T23:34:11","guid":{"rendered":"https:\/\/portalmovil.com.ar\/?p=52197"},"modified":"2022-03-07T20:34:13","modified_gmt":"2022-03-07T23:34:13","slug":"marta-soneira-asumio-como-nueva-ministra-de-ambiente","status":"publish","type":"post","link":"https:\/\/portalmovil.com.ar\/index.php\/2022\/03\/07\/marta-soneira-asumio-como-nueva-ministra-de-ambiente\/","title":{"rendered":"Marta Soneira asumi\u00f3 como nueva ministra de Ambiente"},"content":{"rendered":"\n<p>En un acto encabezado por la vicegobernadora, Anal\u00eda Rach Quiroga, en la ma\u00f1ana de este lunes,&nbsp;<strong>Marta Soneira asumi\u00f3 al frente del nuevo y flamante Ministerio de Ambiente y Desarrollo Territorial, cuya creaci\u00f3n por ley fue votada d\u00edas atr\u00e1s por unanimidad en la Legislatura chaque\u00f1a.<\/strong><\/p>\n\n\n\n<p><strong>\u201cCelebro que el gobernador (Jorge) Capitanich haya definido que una de las cuestiones estructurales del gobierno para las pol\u00edticas p\u00fablicas sea la ambiental\u201d,<\/strong>&nbsp;se\u00f1al\u00f3 la funcionaria, en el acto realizado en el sal\u00f3n Obligado de Casa de Gobierno.<\/p>\n\n\n\n<p>La creaci\u00f3n del nuevo Ministerio fue anunciada por el gobernador en su discurso de apertura de las sesiones legislativas del pasado 1 de marzo.\u00a0En forma inmediata, en forma un\u00e1nime los diputados provinciales sancionaron la Ley N\u00b0 3508-A que cre\u00f3 la nueva cartera de Ambiente y Desarrollo Territorial Sostenible, que hasta el momento ten\u00eda grado de Secretar\u00eda, en la estructura de Gobierno.<\/p>\n\n\n\n<p>Tras su juramento como ministra, Soneira destac\u00f3 y felicit\u00f3 la decisi\u00f3n de Capitanich.&nbsp;<strong>\u201cEra una necesidad que esta agenda ambiental sea una de las tres agendas de gobierno transversales sobre las cuales se consolidan las pol\u00edticas p\u00fablicas en el territorio\u201d<\/strong>, dijo.&nbsp;<strong>\u201cEmpleo, ambiente e institucionalidad, es el primer gesto contundente del gobernador hacia este nuevo tiempo post pandemia de transici\u00f3n que estamos viviendo\u201d, resalt\u00f3, asumiendo adem\u00e1s el compromiso de una agenda ambiental para el impulso de un Chaco sostenible.<\/strong><\/p>\n\n\n\n<p>El nuevo ministerio tiene como ejes principales el uso sostenible y la conservaci\u00f3n del bosque nativo y los humedales chaque\u00f1os con leyes como la del Ordenamiento Territorial de Bosques Nativos (OTBN) y la Ley de Corredores Biol\u00f3gicos; y la Gesti\u00f3n Integral de Residuos y la econom\u00eda circular.<\/p>\n\n\n\n<p>En cuanto al desarrollo territorial, se har\u00e1 hincapi\u00e9 en la b\u00fasqueda de inversi\u00f3n de 15.000 millones de pesos de infraestructura social b\u00e1sica para la regularizaci\u00f3n de 33.000 t\u00edtulos de propiedad urbana y 4.000 t\u00edtulos de propiedad rural, contribuyendo a mejorar la calidad de vida de las comunidades.<\/p>\n\n\n\n<p>As\u00ed, la nueva cartera tiene a cargo la planificaci\u00f3n territorial, la gesti\u00f3n de las tierras y toda la pol\u00edtica ambiental provincial, con un abordaje contundente para la sostenibilidad y la transici\u00f3n justa requerida por la adaptaci\u00f3n al cambio clim\u00e1tico a nivel global.<\/p>\n","protected":false},"excerpt":{"rendered":"<p>En un acto encabezado por la vicegobernadora, Anal\u00eda Rach Quiroga, en la ma\u00f1ana de este lunes,&nbsp;Marta Soneira asumi\u00f3 al frente del nuevo y flamante Ministerio de Ambiente y Desarrollo Territorial, cuya creaci\u00f3n por ley fue votada d\u00edas atr\u00e1s por unanimidad en la Legislatura chaque\u00f1a. \u201cCelebro que el gobernador (Jorge) Capitanich haya definido que una de &hellip;<\/p>\n","protected":false},"author":2,"featured_media":52198,"comment_status":"open","ping_status":"open","sticky":false,"template":"","format":"standard","meta":{"_jetpack_memberships_contains_paid_content":false,"footnotes":"","jetpack_publicize_message":"","jetpack_publicize_feature_enabled":true,"jetpack_social_post_already_shared":true,"jetpack_social_options":{"image_generator_settings":{"template":"highway","default_image_id":0,"font":"","enabled":false},"version":2}},"categories":[5,14,12],"tags":[],"class_list":["post-52197","post","type-post","status-publish","format-standard","has-post-thumbnail","hentry","category-chaco","category-politica","category-ultimo"],"jetpack_publicize_connections":[],"jetpack_featured_media_url":"https:\/\/portalmovil.com.ar\/wp-content\/uploads\/2022\/03\/117dd6407a195a77a2150b7c2eece8e8.jpg","jetpack_sharing_enabled":true,"amp_enabled":true,"_links":{"self":[{"href":"https:\/\/portalmovil.com.ar\/index.php\/wp-json\/wp\/v2\/posts\/52197","targetHints":{"allow":["GET"]}}],"collection":[{"href":"https:\/\/portalmovil.com.ar\/index.php\/wp-json\/wp\/v2\/posts"}],"about":[{"href":"https:\/\/portalmovil.com.ar\/index.php\/wp-json\/wp\/v2\/types\/post"}],"author":[{"embeddable":true,"href":"https:\/\/portalmovil.com.ar\/index.php\/wp-json\/wp\/v2\/users\/2"}],"replies":[{"embeddable":true,"href":"https:\/\/portalmovil.com.ar\/index.php\/wp-json\/wp\/v2\/comments?post=52197"}],"version-history":[{"count":1,"href":"https:\/\/portalmovil.com.ar\/index.php\/wp-json\/wp\/v2\/posts\/52197\/revisions"}],"predecessor-version":[{"id":52199,"href":"https:\/\/portalmovil.com.ar\/index.php\/wp-json\/wp\/v2\/posts\/52197\/revisions\/52199"}],"wp:featuredmedia":[{"embeddable":true,"href":"https:\/\/portalmovil.com.ar\/index.php\/wp-json\/wp\/v2\/media\/52198"}],"wp:attachment":[{"href":"https:\/\/portalmovil.com.ar\/index.php\/wp-json\/wp\/v2\/media?parent=52197"}],"wp:term":[{"taxonomy":"category","embeddable":true,"href":"https:\/\/portalmovil.com.ar\/index.php\/wp-json\/wp\/v2\/categories?post=52197"},{"taxonomy":"post_tag","embeddable":true,"href":"https:\/\/portalmovil.com.ar\/index.php\/wp-json\/wp\/v2\/tags?post=52197"}],"curies":[{"name":"wp","href":"https:\/\/api.w.org\/{rel}","templated":true}]}}